{"id":10179,"date":"2024-11-22T16:14:58","date_gmt":"2024-11-22T16:14:58","guid":{"rendered":"https:\/\/laser.it\/?p=10179"},"modified":"2024-11-22T16:14:58","modified_gmt":"2024-11-22T16:14:58","slug":"natale-innalzato-in-piazza-san-pietro-lalbero-al-centro-delle-proteste","status":"publish","type":"post","link":"https:\/\/laser.it\/?p=10179","title":{"rendered":"Natale, innalzato in piazza San Pietro l&#8217;albero al centro delle proteste"},"content":{"rendered":"<p>(Adnkronos) &#8211; L&#039;abete del Trentino al centro di proteste e oggetto di una petizione molto sostenuta per chiedere che non venisse abbattuto \u00e8 stato innalzato da stamattina in piazza San Pietro e accoglier\u00e0 turisti e pellegrini in arrivo a Roma per le festivit\u00e0 natalizie.\u00a0Fernando V\u00e9rgez Alzaga e suor Raffaella Petrini, presidente e segretario generale del Governatorato del Vaticano, inaugureranno il Presepe e illumineranno l\u2019albero di Natale, allestiti in Piazza San Pietro il prossimo 7 dicembre con una cerimonia alle 18.30. Il Presepe e l\u2019albero in Piazza San Pietro rimarranno esposti fino alla conclusione del Tempo di Natale, che coincide con la festa del Battesimo del Signore, domenica 12 gennaio 2025.\u00a0L&#039;abete della discordia \u00e8 arrivato da Ledro in Trentino: un maestoso abete maturo, alto 29 metri. &quot;La scelta di questo esemplare &#8211; ha spiegato il presidente del Governatorato come ad arginare le polemiche esplose nei giorni scorsi -\u00e8 stata determinata in chiave ecologicamente responsabile, considerato che il prelievo dell\u2019albero garantir\u00e0 il naturale ricambio del bosco per i prossimi decenni. I boschi del territorio sono certificati PEFC. Una foresta certificata PEFC \u00e8 una foresta gestita in linea con i pi\u00f9 severi requisiti ambientali, sociali ed economici. La ricrescita annuale dei boschi di Ledro \u00e8 certificata per 8.260 metri cubi e l\u2019abete prelevato fa parte di uno dei lotti che dovranno essere tagliati per la corretta coltura del bosco&quot;.\u00a0&#8212;cronacawebinfo@adnkronos.com (Web Info)<\/p>\n","protected":false},"excerpt":{"rendered":"<p>(Adnkronos) &#8211; L&#039;abete del Trentino al centro di proteste e oggetto di una petizione molto sostenuta per chiedere che non venisse abbattuto \u00e8 stato innalzato da stamattina in piazza San Pietro e accoglier\u00e0 turisti&#46;&#46;&#46;<\/p>\n","protected":false},"author":1,"featured_media":10180,"comment_status":"open","ping_status":"open","sticky":false,"template":"","format":"standard","meta":{"footnotes":""},"categories":[1],"tags":[2,3],"class_list":["post-10179","post","type-post","status-publish","format-standard","has-post-thumbnail","hentry","category-senza-categoria","tag-adnkronos","tag-ultimora"],"_links":{"self":[{"href":"https:\/\/laser.it\/index.php?rest_route=\/wp\/v2\/posts\/10179","targetHints":{"allow":["GET"]}}],"collection":[{"href":"https:\/\/laser.it\/index.php?rest_route=\/wp\/v2\/posts"}],"about":[{"href":"https:\/\/laser.it\/index.php?rest_route=\/wp\/v2\/types\/post"}],"author":[{"embeddable":true,"href":"https:\/\/laser.it\/index.php?rest_route=\/wp\/v2\/users\/1"}],"replies":[{"embeddable":true,"href":"https:\/\/laser.it\/index.php?rest_route=%2Fwp%2Fv2%2Fcomments&post=10179"}],"version-history":[{"count":1,"href":"https:\/\/laser.it\/index.php?rest_route=\/wp\/v2\/posts\/10179\/revisions"}],"predecessor-version":[{"id":10191,"href":"https:\/\/laser.it\/index.php?rest_route=\/wp\/v2\/posts\/10179\/revisions\/10191"}],"wp:featuredmedia":[{"embeddable":true,"href":"https:\/\/laser.it\/index.php?rest_route=\/wp\/v2\/media\/10180"}],"wp:attachment":[{"href":"https:\/\/laser.it\/index.php?rest_route=%2Fwp%2Fv2%2Fmedia&parent=10179"}],"wp:term":[{"taxonomy":"category","embeddable":true,"href":"https:\/\/laser.it\/index.php?rest_route=%2Fwp%2Fv2%2Fcategories&post=10179"},{"taxonomy":"post_tag","embeddable":true,"href":"https:\/\/laser.it\/index.php?rest_route=%2Fwp%2Fv2%2Ftags&post=10179"}],"curies":[{"name":"wp","href":"https:\/\/api.w.org\/{rel}","templated":true}]}}