{"id":10559,"date":"2024-11-25T00:11:59","date_gmt":"2024-11-25T00:11:59","guid":{"rendered":"https:\/\/laser.it\/?p=10559"},"modified":"2024-11-25T00:11:59","modified_gmt":"2024-11-25T00:11:59","slug":"turetta-oggi-parla-il-pm-chiedera-ergastolo-per-omicidio-cecchettin","status":"publish","type":"post","link":"https:\/\/laser.it\/?p=10559","title":{"rendered":"Turetta, oggi parla il pm: chieder\u00e0 ergastolo per omicidio Cecchettin"},"content":{"rendered":"<p>(Adnkronos) &#8211;<br \/>\nFilippo Turetta ha pianificato l&#039;omicidio Giulia Cecchettin: si \u00e8 appuntato su un foglio gli oggetti da comprare per immobilizzare l&#039;ex fidanzata, ha studiato le mappe per potersi disfare del corpo e ha organizzato la sua fuga da Vigonovo (Padova). Non ha mai considerato l&#039;idea di poter lasciare in vita chi aveva deciso di lasciarlo, tanto meno ha pensato di fare del male a se stesso. Ne \u00e8 convinto il pm Andrea Petroni che lo ha incalzato durante l&#039;interrogatorio e che oggi, davanti alla corte d&#039;Assise di Venezia, \u00e8 pronto a chiedere l&#039;ergastolo per il ventiduenne, imputato per omicidio volontario pluriaggravato, sequestro di persona e occultamento di cadavere.\u00a0In aula, il pubblico ministero &#8211; nella Giornata internazionale per l&#039;eliminazione della violenza contro le donne &#8211; ricostruir\u00e0 la relazione altalenate di circa un anno e mezzo fra i due studenti di Ingegneria biomedica, la crescente ossessione dell&#039;imputato, la scelta della vittima di allontanarsi e l&#039;insistenza di Turetta che si trasforma in persecuzione soffocante &#8211; fino a spiarla con un&#039;app sul cellulare &#8211; che gli costa l&#039;aggravante dello stalking. Impossibile, per l&#039;accusa, non sostenere la crudelt\u00e0: sono 75 le coltellate inflitte contro la vittima che lo rifiutava.\u00a0\u00a0&quot;Ho ucciso Giulia perch\u00e9 non voleva tornare con me, soffrivo di questa cosa. Volevo tornare insieme e lei non voleva\u2026mi faceva rabbia che non volesse&quot; le parole di Turetta. E&#039; nel patriarcato che il femminicidio di Giulia Cecchettin affonda le sue radici. \u00a0Dopo una serata insieme e l&#039;ultimo &#039;no&#039;, Turetta realizza il suo piano appuntato nella lista, un elenco di oggetti da comprare e idee, che \u00e8 la prima parziale confessione. &quot;Ho ipotizzato di rapirla in macchina, di allontanarci insieme verso una localit\u00e0 isolata per stare pi\u00f9 tempo insieme\u2026poi aggredirla, togliere la vita a lei e poi a me&quot; dice interrogato. Bugie, il piano \u00e8 sempre stato uno.\u00a0\u00a0<br \/>\nL&#039;11 novembre 2023 nel parcheggio di Vigonovo, a pochi passi da casa Cecchettin, Turetta sa cosa vuole. Quando uno dei coltelli si rompe lui non si ferma: costringe l&#039;ex a salire in macchina, la blocca con dello scotch e quando prova a scappare la finisce con un&#039;altra lama, nella zona industriale di Foss\u00f2. Dopo cento chilometri abbandona il corpo, avvolto in sacchi neri, vicino al lago di Barcis e prosegue la fuga in solitaria tra stradine studiate in anticipo, usando solo contanti e spegnendo il telefono per non farsi trovare. Fino alla resa in Germania, una settimana dopo l&#039;omicidio di Giulia Cecchettin. \u00a0&#8212;cronacawebinfo@adnkronos.com (Web Info)<\/p>\n","protected":false},"excerpt":{"rendered":"<p>(Adnkronos) &#8211; Filippo Turetta ha pianificato l&#039;omicidio Giulia Cecchettin: si \u00e8 appuntato su un foglio gli oggetti da comprare per immobilizzare l&#039;ex fidanzata, ha studiato le mappe per potersi disfare del corpo e ha&#46;&#46;&#46;<\/p>\n","protected":false},"author":1,"featured_media":10560,"comment_status":"open","ping_status":"open","sticky":false,"template":"","format":"standard","meta":{"footnotes":""},"categories":[1],"tags":[2,3],"class_list":["post-10559","post","type-post","status-publish","format-standard","has-post-thumbnail","hentry","category-senza-categoria","tag-adnkronos","tag-ultimora"],"_links":{"self":[{"href":"https:\/\/laser.it\/index.php?rest_route=\/wp\/v2\/posts\/10559","targetHints":{"allow":["GET"]}}],"collection":[{"href":"https:\/\/laser.it\/index.php?rest_route=\/wp\/v2\/posts"}],"about":[{"href":"https:\/\/laser.it\/index.php?rest_route=\/wp\/v2\/types\/post"}],"author":[{"embeddable":true,"href":"https:\/\/laser.it\/index.php?rest_route=\/wp\/v2\/users\/1"}],"replies":[{"embeddable":true,"href":"https:\/\/laser.it\/index.php?rest_route=%2Fwp%2Fv2%2Fcomments&post=10559"}],"version-history":[{"count":1,"href":"https:\/\/laser.it\/index.php?rest_route=\/wp\/v2\/posts\/10559\/revisions"}],"predecessor-version":[{"id":10564,"href":"https:\/\/laser.it\/index.php?rest_route=\/wp\/v2\/posts\/10559\/revisions\/10564"}],"wp:featuredmedia":[{"embeddable":true,"href":"https:\/\/laser.it\/index.php?rest_route=\/wp\/v2\/media\/10560"}],"wp:attachment":[{"href":"https:\/\/laser.it\/index.php?rest_route=%2Fwp%2Fv2%2Fmedia&parent=10559"}],"wp:term":[{"taxonomy":"category","embeddable":true,"href":"https:\/\/laser.it\/index.php?rest_route=%2Fwp%2Fv2%2Fcategories&post=10559"},{"taxonomy":"post_tag","embeddable":true,"href":"https:\/\/laser.it\/index.php?rest_route=%2Fwp%2Fv2%2Ftags&post=10559"}],"curies":[{"name":"wp","href":"https:\/\/api.w.org\/{rel}","templated":true}]}}