{"id":10588,"date":"2024-11-25T10:28:00","date_gmt":"2024-11-25T10:28:00","guid":{"rendered":"https:\/\/laser.it\/?p=10588"},"modified":"2024-11-25T10:28:00","modified_gmt":"2024-11-25T10:28:00","slug":"mandato-arresto-netanyahu-khamenei-ci-vorrebbe-una-condanna-a-morte","status":"publish","type":"post","link":"https:\/\/laser.it\/?p=10588","title":{"rendered":"Mandato arresto Netanyahu, Khamenei: &#8220;Ci vorrebbe una condanna a morte&#8221;"},"content":{"rendered":"<p>(Adnkronos) &#8211; La guida suprema dell&#039;Iran, l&#039;ayatollah Ali Khamenei, ha affermato oggi che per i leader israeliani dovrebbero essere emesse condanne a morte, non mandati di arresto, dopo che la Corte penale internazionale la scorsa settimana ha emesso mandati di arresto per il primo ministro Benjamin Netanyahu e per l&#039;ex ministro della Difesa Yoav Gallant in relazione alla guerra a Gaza.\u00a0In dichiarazioni rilasciate alla forza paramilitare Basij, una divisione all&#039;interno del Corpo delle Guardie della Rivoluzione Islamica e riportati dall&#039;agenzia di stampa iraniana Tasnim, Khamenei giura che &quot;il nemico Israele non vincer\u00e0 a Gaza e in Libano&quot;. &quot;Bombardare le case della gente a Gaza e in Libano non \u00e8 una vittoria&quot;, afferma. &quot;Gli sciocchi non dovrebbero pensare che solo perch\u00e9 bombardano le case, gli ospedali e le comunit\u00e0 della gente, abbiano vinto. No, nessuno considera questa una vittoria&quot;. \u00a0&quot;Quello che hanno fatto i sionisti \u00e8 un crimine di guerra&quot;, continua. &quot;Hanno emesso un mandato di arresto, questo non \u00e8 abbastanza: una condanna a morte deve essere emessa per Netanyahu. Una condanna a morte dovrebbe essere emessa per questi leader criminali&quot;.\u00a0&#8212;internazionale\/esteriwebinfo@adnkronos.com (Web Info)<\/p>\n","protected":false},"excerpt":{"rendered":"<p>(Adnkronos) &#8211; La guida suprema dell&#039;Iran, l&#039;ayatollah Ali Khamenei, ha affermato oggi che per i leader israeliani dovrebbero essere emesse condanne a morte, non mandati di arresto, dopo che la Corte penale internazionale la&#46;&#46;&#46;<\/p>\n","protected":false},"author":1,"featured_media":10589,"comment_status":"open","ping_status":"open","sticky":false,"template":"","format":"standard","meta":{"footnotes":""},"categories":[1],"tags":[2,3],"class_list":["post-10588","post","type-post","status-publish","format-standard","has-post-thumbnail","hentry","category-senza-categoria","tag-adnkronos","tag-ultimora"],"_links":{"self":[{"href":"https:\/\/laser.it\/index.php?rest_route=\/wp\/v2\/posts\/10588","targetHints":{"allow":["GET"]}}],"collection":[{"href":"https:\/\/laser.it\/index.php?rest_route=\/wp\/v2\/posts"}],"about":[{"href":"https:\/\/laser.it\/index.php?rest_route=\/wp\/v2\/types\/post"}],"author":[{"embeddable":true,"href":"https:\/\/laser.it\/index.php?rest_route=\/wp\/v2\/users\/1"}],"replies":[{"embeddable":true,"href":"https:\/\/laser.it\/index.php?rest_route=%2Fwp%2Fv2%2Fcomments&post=10588"}],"version-history":[{"count":1,"href":"https:\/\/laser.it\/index.php?rest_route=\/wp\/v2\/posts\/10588\/revisions"}],"predecessor-version":[{"id":10598,"href":"https:\/\/laser.it\/index.php?rest_route=\/wp\/v2\/posts\/10588\/revisions\/10598"}],"wp:featuredmedia":[{"embeddable":true,"href":"https:\/\/laser.it\/index.php?rest_route=\/wp\/v2\/media\/10589"}],"wp:attachment":[{"href":"https:\/\/laser.it\/index.php?rest_route=%2Fwp%2Fv2%2Fmedia&parent=10588"}],"wp:term":[{"taxonomy":"category","embeddable":true,"href":"https:\/\/laser.it\/index.php?rest_route=%2Fwp%2Fv2%2Fcategories&post=10588"},{"taxonomy":"post_tag","embeddable":true,"href":"https:\/\/laser.it\/index.php?rest_route=%2Fwp%2Fv2%2Ftags&post=10588"}],"curies":[{"name":"wp","href":"https:\/\/api.w.org\/{rel}","templated":true}]}}