{"id":10855,"date":"2024-11-26T14:33:53","date_gmt":"2024-11-26T14:33:53","guid":{"rendered":"https:\/\/laser.it\/?p=10855"},"modified":"2024-11-26T14:33:53","modified_gmt":"2024-11-26T14:33:53","slug":"fedez-cena-romantica-da-cracco-con-una-ragazza-lultima-volta-era-andato-con-chiara-ferragni","status":"publish","type":"post","link":"https:\/\/laser.it\/?p=10855","title":{"rendered":"Fedez, cena romantica da Cracco con una ragazza: l&#8217;ultima volta era andato con Chiara Ferragni"},"content":{"rendered":"<p>(Adnkronos) &#8211;<br \/>\nFedez \u00e8 tornato a mangiare nel ristorante di Cracco, ma questa volta non in compagnia dell&#039;ex moglie Chiara Ferragni. I Ferragnez hanno, ormai, messo un punto alla loro storia d&#039;amore: l&#039;imprenditrice digitale \u00e8 uscita allo scoperto e pare faccia coppia fissa con Giovanni Tronchetti Provera, al contrario Fedez mantiene ancora un certo riserbo sulla sua vita sentimentale, non svelando l&#039;identit\u00e0 del suo nuovo amore. \u00a0La foto condivisa sul suo profilo social, tuttavia, non lascia dubbi all&#039;immaginazione: Fedez \u00e8 andato a cena da Cracco, il lussuoso ristorante situato  in Galleria Vittorio Emanuele II a Milano, in dolce compagnia. Lo scatto mostra solo il cibo servito al tavolo, le mani di Federico e della ragazza, di cui per\u00f2 non svela l&#039;identit\u00e0. I due hanno cenato e brindato nel cuore di Milano, nello stesso posto in cui il rapper era andato con l&#039;ex moglie Chiara Ferragni, proprio il giorno di San Valentino. \u00a0La foto, pubblicata sul suo profilo Instagram ieri sera, luned\u00ec 25 novembre, attualmente non esiste pi\u00f9: Fedez l&#039;ha rimossa. E il motivo potrebbe essere legato al gossip nato nelle ultime ore. Secondo gli utenti, infatti, Fedez avrebbe mostrato di essere in dolce compagnia solo dopo la notizia del weekend trascorso a Roma della Ferragni in compagnia di Giovanni Tronchetti Provera. La nuova coppia questa volta \u00e8 stata avvistata, sorridente e mano nella mano, nei vicoli di Roma. \u00a0&quot;Quest&#039;anno mi ha insegnato che ogni perdita porta con s\u00e9 una possibilit\u00e0&quot;, aveva scritto su Instagram Chiara, &quot;oggi sento che la mia libert\u00e0 non \u00e8 punto d&#039;arrivo ma d&#039;inizio: quello di una nuova vita, pi\u00f9 autentica, pi\u00f9 forte e, finalmente, pi\u00f9 mia&quot;. Un messaggio che molti hanno interpretato sia come una frecciata al suo ex marito, che come un augurio sincero per la sua nuova storia d&#039;amore.\u00a0&#8212;spettacoliwebinfo@adnkronos.com (Web Info)<\/p>\n","protected":false},"excerpt":{"rendered":"<p>(Adnkronos) &#8211; Fedez \u00e8 tornato a mangiare nel ristorante di Cracco, ma questa volta non in compagnia dell&#039;ex moglie Chiara Ferragni. I Ferragnez hanno, ormai, messo un punto alla loro storia d&#039;amore: l&#039;imprenditrice digitale&#46;&#46;&#46;<\/p>\n","protected":false},"author":1,"featured_media":10856,"comment_status":"open","ping_status":"open","sticky":false,"template":"","format":"standard","meta":{"footnotes":""},"categories":[1],"tags":[2,3],"class_list":["post-10855","post","type-post","status-publish","format-standard","has-post-thumbnail","hentry","category-senza-categoria","tag-adnkronos","tag-ultimora"],"_links":{"self":[{"href":"https:\/\/laser.it\/index.php?rest_route=\/wp\/v2\/posts\/10855","targetHints":{"allow":["GET"]}}],"collection":[{"href":"https:\/\/laser.it\/index.php?rest_route=\/wp\/v2\/posts"}],"about":[{"href":"https:\/\/laser.it\/index.php?rest_route=\/wp\/v2\/types\/post"}],"author":[{"embeddable":true,"href":"https:\/\/laser.it\/index.php?rest_route=\/wp\/v2\/users\/1"}],"replies":[{"embeddable":true,"href":"https:\/\/laser.it\/index.php?rest_route=%2Fwp%2Fv2%2Fcomments&post=10855"}],"version-history":[{"count":1,"href":"https:\/\/laser.it\/index.php?rest_route=\/wp\/v2\/posts\/10855\/revisions"}],"predecessor-version":[{"id":10866,"href":"https:\/\/laser.it\/index.php?rest_route=\/wp\/v2\/posts\/10855\/revisions\/10866"}],"wp:featuredmedia":[{"embeddable":true,"href":"https:\/\/laser.it\/index.php?rest_route=\/wp\/v2\/media\/10856"}],"wp:attachment":[{"href":"https:\/\/laser.it\/index.php?rest_route=%2Fwp%2Fv2%2Fmedia&parent=10855"}],"wp:term":[{"taxonomy":"category","embeddable":true,"href":"https:\/\/laser.it\/index.php?rest_route=%2Fwp%2Fv2%2Fcategories&post=10855"},{"taxonomy":"post_tag","embeddable":true,"href":"https:\/\/laser.it\/index.php?rest_route=%2Fwp%2Fv2%2Ftags&post=10855"}],"curies":[{"name":"wp","href":"https:\/\/api.w.org\/{rel}","templated":true}]}}