{"id":11230,"date":"2024-11-27T20:02:07","date_gmt":"2024-11-27T20:02:07","guid":{"rendered":"https:\/\/laser.it\/?p=11230"},"modified":"2024-11-27T20:02:07","modified_gmt":"2024-11-27T20:02:07","slug":"morte-ramy-inquirenti-cercano-altri-video-appello-a-testimoni-corvetto","status":"publish","type":"post","link":"https:\/\/laser.it\/?p=11230","title":{"rendered":"Morte Ramy, inquirenti cercano altri video: appello a testimoni Corvetto"},"content":{"rendered":"<p>(Adnkronos) &#8211; Si cercano altri video, di privati, ed eventuali testimoni per eliminare ogni dubbio su quanto accaduto la notte di domenica 24 novembre quando, all&#039;incrocio tra via Ripamonti e via Quaranta a Milano, nel quartiere Corvetto, ha perso la vita Ramy Elgaml, 19enne egiziano, morto a bordo di uno scooter durante un inseguimento con i carabinieri.\u00a0Alla guida c&#039;era un suo amico, ancora ricoverato in gravi condizioni in ospedale &#8211; resta intubato e non \u00e8 stato ancora sentito dagli investigatori &#8211; che avrebbe perso il controllo della moto andando a schiantarsi contro un muretto di una stazione di servizio. \u00a0L&#039;indagine, affidata al pm Marco Cirigliano, serve a ricostruire se c&#039;\u00e8 stato un urto tra la gazzella dei carabinieri e il mezzo a due ruote oppure se lo schianto sia stato determinato solo dalla velocit\u00e0 dello scooter e da un errore del conducente. Da quanto trapela, esistono pi\u00f9 telecamere nella zona dell&#039;incidente, &quot;c&#039;\u00e8 un video solo&quot; abbastanza nitido che riprende la scena, mentre non ci sarebbero testimoni dell&#039;accaduto che &quot;sarebbero molto utili&quot;. Nelle indagini &#8211; l&#039;autopsia \u00e8 stata disposta per venerd\u00ec &#8211; risultano iscritti nel registro degli indagati per omicidio stradale in concorso, a garanzia e per tutti gli accertamenti, il carabiniere che era alla guida della macchina di servizio e il 22enne tunisino che guidava lo scooter. \u00a0&quot;I fatti di Corvetto non vanno assolutamente sottovalutati. Assistiamo a segnali molto preoccupanti che testimoniano un malessere diffuso e un meccanismo di integrazione oggettivamente non riuscito. Le scene delle violenze dopo la tragica morte di Ramy Elgaml ci portano alla mente situazioni di criticit\u00e0 che si verificano da anni in altre grandi citt\u00e0 europee&quot;, dice all&#039;Adnkronos il presidente della Commissione parlamentare d\u2019inchiesta sullo stato di sicurezza e degrado delle citt\u00e0 e delle loro periferie, Alessandro Battilocchio (Fi).\u00a0&quot;Ci tengo ad esprimere personalmente la massima solidariet\u00e0 alle nostre forze dell\u2019ordine, impegnate a garantire ogni giorno sicurezza e presidio del territorio in condizioni spesso complesse, come in questo caso &#8211; conclude &#8211; Un pensiero particolare ai cittadini di Corvetto che devono sentire le Istituzioni sempre vicine e presenti in un\u2019azione all\u2019insegna della legalit\u00e0 e del rispetto delle regole&quot;.\u00a0\u00a0&#8212;cronacawebinfo@adnkronos.com (Web Info)<\/p>\n","protected":false},"excerpt":{"rendered":"<p>(Adnkronos) &#8211; Si cercano altri video, di privati, ed eventuali testimoni per eliminare ogni dubbio su quanto accaduto la notte di domenica 24 novembre quando, all&#039;incrocio tra via Ripamonti e via Quaranta a Milano,&#46;&#46;&#46;<\/p>\n","protected":false},"author":1,"featured_media":11231,"comment_status":"open","ping_status":"open","sticky":false,"template":"","format":"standard","meta":{"footnotes":""},"categories":[1],"tags":[2,3],"class_list":["post-11230","post","type-post","status-publish","format-standard","has-post-thumbnail","hentry","category-senza-categoria","tag-adnkronos","tag-ultimora"],"_links":{"self":[{"href":"https:\/\/laser.it\/index.php?rest_route=\/wp\/v2\/posts\/11230","targetHints":{"allow":["GET"]}}],"collection":[{"href":"https:\/\/laser.it\/index.php?rest_route=\/wp\/v2\/posts"}],"about":[{"href":"https:\/\/laser.it\/index.php?rest_route=\/wp\/v2\/types\/post"}],"author":[{"embeddable":true,"href":"https:\/\/laser.it\/index.php?rest_route=\/wp\/v2\/users\/1"}],"replies":[{"embeddable":true,"href":"https:\/\/laser.it\/index.php?rest_route=%2Fwp%2Fv2%2Fcomments&post=11230"}],"version-history":[{"count":1,"href":"https:\/\/laser.it\/index.php?rest_route=\/wp\/v2\/posts\/11230\/revisions"}],"predecessor-version":[{"id":11234,"href":"https:\/\/laser.it\/index.php?rest_route=\/wp\/v2\/posts\/11230\/revisions\/11234"}],"wp:featuredmedia":[{"embeddable":true,"href":"https:\/\/laser.it\/index.php?rest_route=\/wp\/v2\/media\/11231"}],"wp:attachment":[{"href":"https:\/\/laser.it\/index.php?rest_route=%2Fwp%2Fv2%2Fmedia&parent=11230"}],"wp:term":[{"taxonomy":"category","embeddable":true,"href":"https:\/\/laser.it\/index.php?rest_route=%2Fwp%2Fv2%2Fcategories&post=11230"},{"taxonomy":"post_tag","embeddable":true,"href":"https:\/\/laser.it\/index.php?rest_route=%2Fwp%2Fv2%2Ftags&post=11230"}],"curies":[{"name":"wp","href":"https:\/\/api.w.org\/{rel}","templated":true}]}}