{"id":11318,"date":"2024-11-28T11:35:46","date_gmt":"2024-11-28T11:35:46","guid":{"rendered":"https:\/\/laser.it\/?p=11318"},"modified":"2024-11-28T11:35:46","modified_gmt":"2024-11-28T11:35:46","slug":"trasporti-fisica-greison-stiamo-vivendo-la-seconda-rivoluzione-quantistica","status":"publish","type":"post","link":"https:\/\/laser.it\/?p=11318","title":{"rendered":"Trasporti, fisica Greison: &#8220;Stiamo vivendo la seconda rivoluzione quantistica&#8221;"},"content":{"rendered":"<p>(Adnkronos) &#8211; \u201cOggi l\u2019atmosfera che si respira nei centri di ricerca scientifica \u00e8 elettrizzante, stiamo vivendo la seconda rivoluzione quantistica, tutto sta cambiando intorno a noi. Il mondo dell\u2019infinitamente piccolo ci permette di raggiungere nuovi traguardi e porci nuovi obiettivi. Sta succedendo qualcosa di impensabile rispetto a cento anni fa\u201d.\u00a0Cos\u00ec Gabriella Greison, fisica, divulgatrice scientifica e conduttrice televisiva, \u00e8 intervenuta al convegno \u201cFili per il futuro delle citt\u00e0 &#8211; Un nuovo metabolismo urbano per reti ecologiche e sociali\u201d, che si \u00e8 tenuto presso l\u2019auditorium dell\u2019universit\u00e0 Iulm di Milano.\u00a0Promosso da Regione Lombardia, Fnm, Ferrovienord e Trenord, Fili prevede una serie di interventi di ricucitura urbana con l\u2019adozione di soluzioni all\u2019avanguardia nel disegno architettonico e nella sostenibilit\u00e0 ambientale: cambieranno volto le stazioni di Milano Cadorna, Milano Bovisa, Polo di Saronno e Busto Arsizio e le aree ad esse adiacenti (con un intervento di oltre 188.000 metri quadrati complessivi che arriver\u00e0 a coinvolgere progetti per un totale di 2 milioni di metri quadrati).\u00a0Gabriella Greison ha prestato la sua voce al corto d\u2019autore \u201cTutto \u00e8 collegato\u201d firmato dal regista Ago Panini, in cui si racconta il senso complessivo di Fili, le sue tappe progettuali e le sfide principali.\u00a0\u201cRagionare sul concetto che ogni cosa \u00e8 collegata ci porta a capire che intorno a noi tutto sta cambiando velocemente \u2013 conclude Greison \u2013 Ogni volta che mettiamo in pratica questo riusciamo a capire qualcosa in pi\u00f9 di questo nuovo mondo. Quando sono stata chiamata da Andrea Gibelli per essere protagonista di questo video, sono rimasta entusiasta dalle sue parole e dalla sua idea. Non solo perch\u00e9 Milano \u00e8 la mia citt\u00e0, ma anche perch\u00e9 la sua visione era completamente diversa da quella che avevo intorno abitualmente\u201d.\u00a0&#8212;economiawebinfo@adnkronos.com (Web Info)<\/p>\n","protected":false},"excerpt":{"rendered":"<p>(Adnkronos) &#8211; \u201cOggi l\u2019atmosfera che si respira nei centri di ricerca scientifica \u00e8 elettrizzante, stiamo vivendo la seconda rivoluzione quantistica, tutto sta cambiando intorno a noi. Il mondo dell\u2019infinitamente piccolo ci permette di raggiungere&#46;&#46;&#46;<\/p>\n","protected":false},"author":1,"featured_media":11319,"comment_status":"open","ping_status":"open","sticky":false,"template":"","format":"standard","meta":{"footnotes":""},"categories":[1],"tags":[2,3],"class_list":["post-11318","post","type-post","status-publish","format-standard","has-post-thumbnail","hentry","category-senza-categoria","tag-adnkronos","tag-ultimora"],"_links":{"self":[{"href":"https:\/\/laser.it\/index.php?rest_route=\/wp\/v2\/posts\/11318","targetHints":{"allow":["GET"]}}],"collection":[{"href":"https:\/\/laser.it\/index.php?rest_route=\/wp\/v2\/posts"}],"about":[{"href":"https:\/\/laser.it\/index.php?rest_route=\/wp\/v2\/types\/post"}],"author":[{"embeddable":true,"href":"https:\/\/laser.it\/index.php?rest_route=\/wp\/v2\/users\/1"}],"replies":[{"embeddable":true,"href":"https:\/\/laser.it\/index.php?rest_route=%2Fwp%2Fv2%2Fcomments&post=11318"}],"version-history":[{"count":1,"href":"https:\/\/laser.it\/index.php?rest_route=\/wp\/v2\/posts\/11318\/revisions"}],"predecessor-version":[{"id":11326,"href":"https:\/\/laser.it\/index.php?rest_route=\/wp\/v2\/posts\/11318\/revisions\/11326"}],"wp:featuredmedia":[{"embeddable":true,"href":"https:\/\/laser.it\/index.php?rest_route=\/wp\/v2\/media\/11319"}],"wp:attachment":[{"href":"https:\/\/laser.it\/index.php?rest_route=%2Fwp%2Fv2%2Fmedia&parent=11318"}],"wp:term":[{"taxonomy":"category","embeddable":true,"href":"https:\/\/laser.it\/index.php?rest_route=%2Fwp%2Fv2%2Fcategories&post=11318"},{"taxonomy":"post_tag","embeddable":true,"href":"https:\/\/laser.it\/index.php?rest_route=%2Fwp%2Fv2%2Ftags&post=11318"}],"curies":[{"name":"wp","href":"https:\/\/api.w.org\/{rel}","templated":true}]}}