{"id":11514,"date":"2024-11-28T19:05:41","date_gmt":"2024-11-28T19:05:41","guid":{"rendered":"https:\/\/laser.it\/?p=11514"},"modified":"2024-11-28T19:05:41","modified_gmt":"2024-11-28T19:05:41","slug":"nucleare-descalzi-per-fusione-primo-test-nel-2026","status":"publish","type":"post","link":"https:\/\/laser.it\/?p=11514","title":{"rendered":"Nucleare, Descalzi: &#8220;Per fusione primo test nel 2026&#8221;"},"content":{"rendered":"<p>(Adnkronos) &#8211; Sul nucleare &quot;prevediamo di concludere la costruzione dell&#039;impianto a fine 2025&quot; e &quot;dovremo riuscire a fare il primo test nel 2026&quot;. Lo ha affermato l&#039;amministratore delegato di Eni, Claudio Descalzi, al 22esimo Forum Coldiretti a Roma, parlando del fatto che da tempo Eni \u00e8 impegnata sulla fusione in uno spin off del Mit. L&#039;ipotesi \u00e8 di un lancio commerciale &quot;per il 2031-2032&quot;. Dovremo riuscire, aggiunge, a &quot;produrre pi\u00f9 elettricit\u00e0 in quella che si utilizza per innescare la fusione nel 2027&quot;.\u00a0<br \/>\nIl nucleare &quot;\u00e8 l&#039;unica soluzione&quot; per una decarbonizzazione delle nostre economie: &quot;Come Eni noi siamo impegnati non nella fissione ma nella fusione da pi\u00f9 di 10 anni&quot;. &quot;Il nucleare deve essere fatto, dobbiamo decarbonizzare tutto quello che \u00e8 industrialmente pesante, ma dobbiamo essere rapidissimi&quot; ha aggiunto Descalzi.\u00a0&quot;Ci sono ancora visioni ideologiche&quot; in Europa, tra queste &quot;c&#039;e&#039; quella sul biocarburante. L&#039;Europa ancora non vuole il biocarburante, vuole l&#039;e-fuel che \u00e8 fatto da un mix di CO2 e idrogeno verde e che pagheremo 20 volte tanto&quot;. &quot;Siamo indietro non solo sull&#039;energia nucleare, siamo indietro su moltissime cose, e non parlo dell&#039;Italia che tutto sommato, ha un suo mix energetico come quasi tutti i paesi del Mediterraneo che \u00e8 fatto da gas e rinnovabili&quot;, ha spiegato Descalzi &quot;in Europa solo la Francia ha una vera riserva di energia con 50 e passa stazioni nucleari che poi vende&quot;. Descalzi ha quindi specificato che il nucleare &quot;\u00e8 l&#039;unica soluzione per abbassare i costi dell&#039;energia&quot;. \u00a0\u00a0&#8212;economiawebinfo@adnkronos.com (Web Info)<\/p>\n","protected":false},"excerpt":{"rendered":"<p>(Adnkronos) &#8211; Sul nucleare &quot;prevediamo di concludere la costruzione dell&#039;impianto a fine 2025&quot; e &quot;dovremo riuscire a fare il primo test nel 2026&quot;. Lo ha affermato l&#039;amministratore delegato di Eni, Claudio Descalzi, al 22esimo&#46;&#46;&#46;<\/p>\n","protected":false},"author":1,"featured_media":11515,"comment_status":"open","ping_status":"open","sticky":false,"template":"","format":"standard","meta":{"footnotes":""},"categories":[1],"tags":[2,3],"class_list":["post-11514","post","type-post","status-publish","format-standard","has-post-thumbnail","hentry","category-senza-categoria","tag-adnkronos","tag-ultimora"],"_links":{"self":[{"href":"https:\/\/laser.it\/index.php?rest_route=\/wp\/v2\/posts\/11514","targetHints":{"allow":["GET"]}}],"collection":[{"href":"https:\/\/laser.it\/index.php?rest_route=\/wp\/v2\/posts"}],"about":[{"href":"https:\/\/laser.it\/index.php?rest_route=\/wp\/v2\/types\/post"}],"author":[{"embeddable":true,"href":"https:\/\/laser.it\/index.php?rest_route=\/wp\/v2\/users\/1"}],"replies":[{"embeddable":true,"href":"https:\/\/laser.it\/index.php?rest_route=%2Fwp%2Fv2%2Fcomments&post=11514"}],"version-history":[{"count":1,"href":"https:\/\/laser.it\/index.php?rest_route=\/wp\/v2\/posts\/11514\/revisions"}],"predecessor-version":[{"id":11527,"href":"https:\/\/laser.it\/index.php?rest_route=\/wp\/v2\/posts\/11514\/revisions\/11527"}],"wp:featuredmedia":[{"embeddable":true,"href":"https:\/\/laser.it\/index.php?rest_route=\/wp\/v2\/media\/11515"}],"wp:attachment":[{"href":"https:\/\/laser.it\/index.php?rest_route=%2Fwp%2Fv2%2Fmedia&parent=11514"}],"wp:term":[{"taxonomy":"category","embeddable":true,"href":"https:\/\/laser.it\/index.php?rest_route=%2Fwp%2Fv2%2Fcategories&post=11514"},{"taxonomy":"post_tag","embeddable":true,"href":"https:\/\/laser.it\/index.php?rest_route=%2Fwp%2Fv2%2Ftags&post=11514"}],"curies":[{"name":"wp","href":"https:\/\/api.w.org\/{rel}","templated":true}]}}