{"id":11605,"date":"2024-11-29T11:04:48","date_gmt":"2024-11-29T11:04:48","guid":{"rendered":"https:\/\/laser.it\/?p=11605"},"modified":"2024-11-29T11:04:48","modified_gmt":"2024-11-29T11:04:48","slug":"regione-puglia-partecipa-allartigiano-in-fiera-2024","status":"publish","type":"post","link":"https:\/\/laser.it\/?p=11605","title":{"rendered":"Regione Puglia partecipa all\u2019Artigiano in Fiera 2024"},"content":{"rendered":"<p>(Adnkronos) &#8211; La Regione Puglia, con il Dipartimento Agricoltura, Sviluppo Rurale e Tutela dell\u2019Ambiente, in sinergia con Unioncamere Puglia, sar\u00e0 presente all\u2019Artigiano in Fiera, dal 30 novembre all\u20198 dicembre 2024 presso Fieramilano (Rho-Pero). L\u2019Ente presenzier\u00e0 assieme a numerose imprese pugliesi del settore agroalimentare. Ampi spazi del Padiglione n. 4 ospiteranno la Regione Puglia che sar\u00e0 impegnata nella promozione e nella diffusione delle opportunit\u00e0 offerte dal Pr Puglia Fesr &#8211; Fse+ 2021-2027 e che possono essere consultate sul portale https:\/\/pr2127.regione.puglia.it\/. \u00a0Diversi i forum, gli incontri e i convegni che vedranno la Regione protagonista a questo appuntamento annuale. L\u2019evento clou &#039;Puglia (\u02c8pu\u028e\u028ea) Suona bene&#039;, organizzato in collaborazione con Radio 101, si terr\u00e0 gioved\u00ec 5 dicembre nella cassa armonica realizzata con le tipiche luminarie pugliesi. Dalle 18 alle 21.15 sono previsti quattro momenti di divertimento e di coinvolgimento dei visitatori.\u00a0&#039;Artigiano in Fiera&#039; \u00e8 da sempre evento di rilievo internazionale che promuove artigiani, creatori di bellezza e di bont\u00e0, di prodotti unici e di qualit\u00e0, rispettosi della natura e delle persone. Una fiera che nelle precedenti edizioni ha visto la partecipazione di centinaia di migliaia di presenze presso l\u2019area della Puglia che, pertanto, intende dare seguito e continuit\u00e0 a una vetrina di spessore e di respiro globale. Artigiano in Fiera \u00e8 aperto dal 30 novembre all\u20198 dicembre tutti i giorni dalle 10 alle 22.30. L\u2019ingresso \u00e8 gratuito con pass scaricabile online dal sito artigianoinfiera.it in pochi e semplici click.\u00a0&#8212;economiawebinfo@adnkronos.com (Web Info)<\/p>\n","protected":false},"excerpt":{"rendered":"<p>(Adnkronos) &#8211; La Regione Puglia, con il Dipartimento Agricoltura, Sviluppo Rurale e Tutela dell\u2019Ambiente, in sinergia con Unioncamere Puglia, sar\u00e0 presente all\u2019Artigiano in Fiera, dal 30 novembre all\u20198 dicembre 2024 presso Fieramilano (Rho-Pero). L\u2019Ente&#46;&#46;&#46;<\/p>\n","protected":false},"author":1,"featured_media":11606,"comment_status":"open","ping_status":"open","sticky":false,"template":"","format":"standard","meta":{"footnotes":""},"categories":[1],"tags":[2,3],"class_list":["post-11605","post","type-post","status-publish","format-standard","has-post-thumbnail","hentry","category-senza-categoria","tag-adnkronos","tag-ultimora"],"_links":{"self":[{"href":"https:\/\/laser.it\/index.php?rest_route=\/wp\/v2\/posts\/11605","targetHints":{"allow":["GET"]}}],"collection":[{"href":"https:\/\/laser.it\/index.php?rest_route=\/wp\/v2\/posts"}],"about":[{"href":"https:\/\/laser.it\/index.php?rest_route=\/wp\/v2\/types\/post"}],"author":[{"embeddable":true,"href":"https:\/\/laser.it\/index.php?rest_route=\/wp\/v2\/users\/1"}],"replies":[{"embeddable":true,"href":"https:\/\/laser.it\/index.php?rest_route=%2Fwp%2Fv2%2Fcomments&post=11605"}],"version-history":[{"count":1,"href":"https:\/\/laser.it\/index.php?rest_route=\/wp\/v2\/posts\/11605\/revisions"}],"predecessor-version":[{"id":11610,"href":"https:\/\/laser.it\/index.php?rest_route=\/wp\/v2\/posts\/11605\/revisions\/11610"}],"wp:featuredmedia":[{"embeddable":true,"href":"https:\/\/laser.it\/index.php?rest_route=\/wp\/v2\/media\/11606"}],"wp:attachment":[{"href":"https:\/\/laser.it\/index.php?rest_route=%2Fwp%2Fv2%2Fmedia&parent=11605"}],"wp:term":[{"taxonomy":"category","embeddable":true,"href":"https:\/\/laser.it\/index.php?rest_route=%2Fwp%2Fv2%2Fcategories&post=11605"},{"taxonomy":"post_tag","embeddable":true,"href":"https:\/\/laser.it\/index.php?rest_route=%2Fwp%2Fv2%2Ftags&post=11605"}],"curies":[{"name":"wp","href":"https:\/\/api.w.org\/{rel}","templated":true}]}}