{"id":11611,"date":"2024-11-29T11:56:00","date_gmt":"2024-11-29T11:56:00","guid":{"rendered":"https:\/\/laser.it\/?p=11611"},"modified":"2024-11-29T11:56:00","modified_gmt":"2024-11-29T11:56:00","slug":"sinner-ansia-per-caso-doping-differenze-con-swiatek-e-quando-arrivera-sentenza","status":"publish","type":"post","link":"https:\/\/laser.it\/?p=11611","title":{"rendered":"Sinner, ansia per caso doping: differenze con Swiatek e quando arriver\u00e0 sentenza"},"content":{"rendered":"<p>(Adnkronos) &#8211; Il caso di Iga Swiatek ha fatto aumentare l&#039;attesa intorno a Jannik Sinner. Il tennista azzurro \u00e8 in attesa del processo per il caso doping che lo ha coinvolto, con il Tas che si pronuncer\u00e0 dopo il ricorso presentato dalla Wada. La prima sentenza aveva infatti dichiarato Sinner innocente, ma \u00e8 stata impugnata dall&#039;Agenzia mondiale antidoping.\u00a0Il caso Sinner torna attuale dopo quello che ha riguardato Iga Swiatek. La tennista polacca, numero 2 del mondo, \u00e8 stata sospesa un mese dopo essere risultata positiva a un controllo antidoping dello scorso agosto. In particolare \u00e8 stato riscontrato una &quot;concentrazione incredibilmente bassa di trimetazidina&quot;, una sostanza vietata. \u00a0La contaminazione accidentale \u00e8 avvenuta a causa di una confezione di melatonina, che la tennista aveva acquistato in Polonia e con l&#039;integratore che veniva venduto senza prescrizione. Visto che la sostanza illecita non era indicata nell&#039;etichetta della confezione, i giudici addebitato a Swiatek un &#039;rimprovero a titolo di colpa&#039;, ripensando cos\u00ec la pena dai due anni previsti a un solo mese di squalifica.\u00a0\u00a0Le differenze tra Swiatek e la vicenda che ha riguardato Sinner sta tutto nella definizione di &quot;assenza di colpa e negligenza&quot; e &quot;assenza di colpa e negligenza significativa&quot;, riscontrata nel caso della polacca. Diverse sono anche le sostanze: Closterbol per l&#039;azzurro e trimetazidina per l&#039;atleta polacca. \u00a0Cos\u00ec come la contaminazione: indiretta per l&#039;altoatesino, che non aveva assunto direttamente la sostanza ma era stato contaminato durante un massaggio, e diretta invece, come detto, per Swiatek. Ma quando arriver\u00e0 la sentenza di Sinner?\u00a0La sentenza del Tas circa il ricorso presentato dalla Wada sul caso Sinner arriver\u00e0 a febbraio. Il processo non sconfesser\u00e0 necessariamente la sentenza di primo grado, ma riesaminer\u00e0 da capo tutte le prove presentate. Jannik dovr\u00e0 quindi dimostrare, ancora una volta, di non essere stato negligente o gravemente negligente. Nel caso in cui dovesse riuscire a dimostrare la sua innocenza non ci sar\u00e0 sanzione, proprio come stabilito in primo grado, mentre in caso di condanna la sanzione andrebbe da un minimo di 12 mesi di squalifica a un massimo di 24.\u00a0La Wada ha gi\u00e0 depositato la sua memoria di appello, e ora toccher\u00e0 a Sinner. Il processo, come detto, si svolger\u00e0 a febbraio, con la sentenza che potrebbe arrivare alla fine del mese, ma potrebbe anche slittare visti i tanti impegni sportivi di Jannik. \u00a0&#8212;sportwebinfo@adnkronos.com (Web Info)<\/p>\n","protected":false},"excerpt":{"rendered":"<p>(Adnkronos) &#8211; Il caso di Iga Swiatek ha fatto aumentare l&#039;attesa intorno a Jannik Sinner. Il tennista azzurro \u00e8 in attesa del processo per il caso doping che lo ha coinvolto, con il Tas&#46;&#46;&#46;<\/p>\n","protected":false},"author":1,"featured_media":11612,"comment_status":"open","ping_status":"open","sticky":false,"template":"","format":"standard","meta":{"footnotes":""},"categories":[1],"tags":[2,3],"class_list":["post-11611","post","type-post","status-publish","format-standard","has-post-thumbnail","hentry","category-senza-categoria","tag-adnkronos","tag-ultimora"],"_links":{"self":[{"href":"https:\/\/laser.it\/index.php?rest_route=\/wp\/v2\/posts\/11611","targetHints":{"allow":["GET"]}}],"collection":[{"href":"https:\/\/laser.it\/index.php?rest_route=\/wp\/v2\/posts"}],"about":[{"href":"https:\/\/laser.it\/index.php?rest_route=\/wp\/v2\/types\/post"}],"author":[{"embeddable":true,"href":"https:\/\/laser.it\/index.php?rest_route=\/wp\/v2\/users\/1"}],"replies":[{"embeddable":true,"href":"https:\/\/laser.it\/index.php?rest_route=%2Fwp%2Fv2%2Fcomments&post=11611"}],"version-history":[{"count":1,"href":"https:\/\/laser.it\/index.php?rest_route=\/wp\/v2\/posts\/11611\/revisions"}],"predecessor-version":[{"id":11624,"href":"https:\/\/laser.it\/index.php?rest_route=\/wp\/v2\/posts\/11611\/revisions\/11624"}],"wp:featuredmedia":[{"embeddable":true,"href":"https:\/\/laser.it\/index.php?rest_route=\/wp\/v2\/media\/11612"}],"wp:attachment":[{"href":"https:\/\/laser.it\/index.php?rest_route=%2Fwp%2Fv2%2Fmedia&parent=11611"}],"wp:term":[{"taxonomy":"category","embeddable":true,"href":"https:\/\/laser.it\/index.php?rest_route=%2Fwp%2Fv2%2Fcategories&post=11611"},{"taxonomy":"post_tag","embeddable":true,"href":"https:\/\/laser.it\/index.php?rest_route=%2Fwp%2Fv2%2Ftags&post=11611"}],"curies":[{"name":"wp","href":"https:\/\/api.w.org\/{rel}","templated":true}]}}