{"id":11734,"date":"2024-11-29T15:46:52","date_gmt":"2024-11-29T15:46:52","guid":{"rendered":"https:\/\/laser.it\/?p=11734"},"modified":"2024-11-29T15:46:52","modified_gmt":"2024-11-29T15:46:52","slug":"fair-play-menarini-le-stelle-dello-sport-pronte-a-incantare-palazzo-vecchio","status":"publish","type":"post","link":"https:\/\/laser.it\/?p=11734","title":{"rendered":"Fair Play Menarini: le stelle dello sport pronte a incantare Palazzo Vecchio"},"content":{"rendered":"<p>(Adnkronos) &#8211; L&#039;attesa \u00e8 quasi finita. Domani, sabato 30 novembre, sar\u00e0 il grande giorno del talk show &#039;Fair Play Menarini &#8211; I campioni si raccontano&#039;. Le riflessioni e gli aneddoti delle leggende dello sport, modelli di correttezza e lealt\u00e0, troveranno spazio nel luogo simbolo della citt\u00e0 di Firenze, Palazzo Vecchio, che alle ore 17:00 aprir\u00e0 le porte del&#039;iconico Salone dei Cinquecento, alla presenza della sindaca Sara Funaro.\u00a0Il talk show vedr\u00e0 la partecipazione del Comitato Olimpico Nazionale Italiano, rappresentato da Silvia Salis, vicepresidente vicario del Coni ed ex campionessa di lancio del martello, disciplina in cui ha vinto 10 titoli italiani. Dall&#039;atletica arriva anche la storia di Andy Diaz, campione di salto triplo che ha centrato ai Giochi di Parigi 2024 la prima medaglia olimpica con i colori azzurri, e del suo allenatore e amico Fabrizio Donato, bronzo nel salto triplo alle Olimpiadi di Londra 2012. \u00a0La carrellata di stelle continua con Rigivan Ganeshamoorthy, oro nel lancio del disco agli ultimi Giochi Paralimpici di Parigi, mentre per lo sci alpino ci sar\u00e0 Giuliano Razzoli, oro nello slalom speciale alle Olimpiadi Invernali di Vancouver 2010. Per il calcio una leggenda come Javier Zanetti, indimenticabile capitano dell&#039;Inter e della Nazionale argentina. Ha risposto all&#039;appello del Fair Play Menarini anche Borja Valero, centrocampista spagnolo diventato una bandiera della Fiorentina. La pallavolo potr\u00e0 contare su un nome storico come Andrea Zorzi, due volte campione del mondo con l&#039;Italvolley e su una rivelazione come Ekaterina Antropova, oro olimpico ai Giochi di Parigi 2024. Infine, i racconti del &#039;narratore di emozioni&#039; Federico Buffa contribuiranno a rendere unica la serata.\u00a0I campioni si raccontano \u00e8 realizzato in partnership con Sky Tg24 e verr\u00e0 trasmesso in diretta sul canale 501 di Sky. A presentare l\u2019evento Rachele Sangiuliano, ex campionessa di pallavolo e conduttrice di Sky Sport, Omar Schillaci e Michele Cagiano, vicedirettori di Sky Tg24, assieme ad Alessandro Acton, giornalista e conduttore di Sky Sport.\u00a0&quot;C\u2019\u00e8 grande emozione e curiosit\u00e0 per le storie dei campioni protagonisti della serata \u2013 hanno commentato Valeria Speroni Cardi e Filippo Paganelli, membri del Board della Fondazione Fair Play Menarini \u2013 Ci auguriamo che questa nuova edizione del talk show possa ispirare tutti, soprattutto i pi\u00f9 giovani&quot;. \u00a0&#8212;sportwebinfo@adnkronos.com (Web Info)<\/p>\n","protected":false},"excerpt":{"rendered":"<p>(Adnkronos) &#8211; L&#039;attesa \u00e8 quasi finita. Domani, sabato 30 novembre, sar\u00e0 il grande giorno del talk show &#039;Fair Play Menarini &#8211; I campioni si raccontano&#039;. Le riflessioni e gli aneddoti delle leggende dello sport,&#46;&#46;&#46;<\/p>\n","protected":false},"author":1,"featured_media":11735,"comment_status":"open","ping_status":"open","sticky":false,"template":"","format":"standard","meta":{"footnotes":""},"categories":[1],"tags":[2,3],"class_list":["post-11734","post","type-post","status-publish","format-standard","has-post-thumbnail","hentry","category-senza-categoria","tag-adnkronos","tag-ultimora"],"_links":{"self":[{"href":"https:\/\/laser.it\/index.php?rest_route=\/wp\/v2\/posts\/11734","targetHints":{"allow":["GET"]}}],"collection":[{"href":"https:\/\/laser.it\/index.php?rest_route=\/wp\/v2\/posts"}],"about":[{"href":"https:\/\/laser.it\/index.php?rest_route=\/wp\/v2\/types\/post"}],"author":[{"embeddable":true,"href":"https:\/\/laser.it\/index.php?rest_route=\/wp\/v2\/users\/1"}],"replies":[{"embeddable":true,"href":"https:\/\/laser.it\/index.php?rest_route=%2Fwp%2Fv2%2Fcomments&post=11734"}],"version-history":[{"count":1,"href":"https:\/\/laser.it\/index.php?rest_route=\/wp\/v2\/posts\/11734\/revisions"}],"predecessor-version":[{"id":11756,"href":"https:\/\/laser.it\/index.php?rest_route=\/wp\/v2\/posts\/11734\/revisions\/11756"}],"wp:featuredmedia":[{"embeddable":true,"href":"https:\/\/laser.it\/index.php?rest_route=\/wp\/v2\/media\/11735"}],"wp:attachment":[{"href":"https:\/\/laser.it\/index.php?rest_route=%2Fwp%2Fv2%2Fmedia&parent=11734"}],"wp:term":[{"taxonomy":"category","embeddable":true,"href":"https:\/\/laser.it\/index.php?rest_route=%2Fwp%2Fv2%2Fcategories&post=11734"},{"taxonomy":"post_tag","embeddable":true,"href":"https:\/\/laser.it\/index.php?rest_route=%2Fwp%2Fv2%2Ftags&post=11734"}],"curies":[{"name":"wp","href":"https:\/\/api.w.org\/{rel}","templated":true}]}}