{"id":11902,"date":"2024-11-30T12:29:36","date_gmt":"2024-11-30T12:29:36","guid":{"rendered":"https:\/\/laser.it\/?p=11902"},"modified":"2024-11-30T12:29:36","modified_gmt":"2024-11-30T12:29:36","slug":"bari-bruciato-il-portone-di-casa-delleurodeputato-fdi-ventola-era-in-casa-con-la-famiglia","status":"publish","type":"post","link":"https:\/\/laser.it\/?p=11902","title":{"rendered":"Bari, bruciato il portone di casa dell&#8217;eurodeputato FdI Ventola: era in casa con la famiglia"},"content":{"rendered":"<p>(Adnkronos) &#8211; Bruciato, nella notte, il portone di casa dell&#039;europarlamentare di Fratelli di Italia, Francesco Ventola. E&#039; successo alle 3 della notte appena passata a Canosa di Puglia mentre il politico e la sua famiglia erano a letto. \u00a0Secondo quanto apprende l&#039;Adnkronos non si tratterebbe di una molotov, ma di liquido infiammabile che qualcuno ha cosparso sul portone prima di appiccare le fiamme e fuggire. Non ci sono testimoni, ma sono al vaglio dei poliziotti del commissariato di Canosa e della Questura di Bat, sul posto insieme ai vigili del fuoco, i filmati delle telecamere di videosorveglianza. Non ci sono feriti.\u00a0&quot;Esprimo ferma condanna per il vile atto intimidatorio subito questa notte dall\u2019europarlamentare Francesco Ventola e dalla sua famiglia nella loro abitazione di Canosa di Puglia dove qualcuno &#8211; secondo le prime notizie &#8211; avrebbe cosparso sul portone del liquido infiammabile, prima di appiccare le fiamme e fuggire&quot;  scrive su Facebook il presidente del Senato, Ignazio La Russa. &quot;Fortunatamente non ci sono stati feriti ma rimane un episodio gravissimo e che per le modalit\u00e0 fa tornare alla mente quanto avvenne nel lontano 1973 ai fratelli Mattei, nel quartiere di Primavalle a Roma, i quali persero la vita dopo un incendio appiccato nel cuore della notte alla porta di casa. A Francesco Ventola e alla sua famiglia la vicinanza pi\u00f9 sentita mia personale e del Senato della Repubblica&quot;. \u00a0\u201cSiamo vicini all\u2019amico Francesco Ventola e condanniamo il vile attentato di questa notte alla sua abitazione di Canosa di Puglia. Conosciamo da sempre Francesco come uomo, i suoi concittadini lo hanno apprezzato come sindaco della sua citt\u00e0 e presidente della Provincia Bat, ma noi lo abbiamo conosciuto come consigliere prima e poi capogruppo e sappiamo che ogni sua azione politica \u00e8 improntata alla seriet\u00e0, prima ancora che nelle indiscusse capacit\u00e0. Cos\u00ec il gruppo regionale di Fratelli d\u2019Italia (il capogruppo Renato Perrini e i consiglieri Luigi Caroli, Giannicola De Leonardis, Antonio Gabellone, Tommaso Scatigna e Tonia Spina) esprimono la propria solidariet\u00e0 all\u2019europarlamentare di FdI, Francesco Ventola, al quale questa notte \u00e8 stato incendiato il portone della sua abitazione a Canosa di Puglia. \u201cDi qualunque natura sia la matrice del vile gesto, confidiamo nella Polizia e nella Procura di Trani perch\u00e9 individuino al pi\u00f9 presto i responsabili\u201d, aggiungono i consiglieri.\u00a0&quot;Esprimiamo solidariet\u00e0 al collega europarlamentare Francesco Ventola per il grave atto intimidatorio sub\u00ecto questa notte&quot; dichiarano in una nota i deputati pugliesi di Fratelli d\u2019Italia. &quot;La nostra vicinanza a lui e alla sua famiglia, che fortunatamente \u00e8 rimasta illesa. Confidiamo nell\u2019azione della polizia e della magistratura affinch\u00e9 vengano accertate presto le responsabilit\u00e0 di quanto accaduto. E, al contempo, auspichiamo una ferma condanna da parte di tutte le forze politiche, perch\u00e9 in uno stato democratico il dissenso non pu\u00f2 e non deve mai degenerare in gesti di tale gravit\u00e0\u201d. \u00a0&#8212;cronacawebinfo@adnkronos.com (Web Info)<\/p>\n","protected":false},"excerpt":{"rendered":"<p>(Adnkronos) &#8211; Bruciato, nella notte, il portone di casa dell&#039;europarlamentare di Fratelli di Italia, Francesco Ventola. E&#039; successo alle 3 della notte appena passata a Canosa di Puglia mentre il politico e la sua&#46;&#46;&#46;<\/p>\n","protected":false},"author":1,"featured_media":11903,"comment_status":"open","ping_status":"open","sticky":false,"template":"","format":"standard","meta":{"footnotes":""},"categories":[1],"tags":[2,3],"class_list":["post-11902","post","type-post","status-publish","format-standard","has-post-thumbnail","hentry","category-senza-categoria","tag-adnkronos","tag-ultimora"],"_links":{"self":[{"href":"https:\/\/laser.it\/index.php?rest_route=\/wp\/v2\/posts\/11902","targetHints":{"allow":["GET"]}}],"collection":[{"href":"https:\/\/laser.it\/index.php?rest_route=\/wp\/v2\/posts"}],"about":[{"href":"https:\/\/laser.it\/index.php?rest_route=\/wp\/v2\/types\/post"}],"author":[{"embeddable":true,"href":"https:\/\/laser.it\/index.php?rest_route=\/wp\/v2\/users\/1"}],"replies":[{"embeddable":true,"href":"https:\/\/laser.it\/index.php?rest_route=%2Fwp%2Fv2%2Fcomments&post=11902"}],"version-history":[{"count":1,"href":"https:\/\/laser.it\/index.php?rest_route=\/wp\/v2\/posts\/11902\/revisions"}],"predecessor-version":[{"id":11918,"href":"https:\/\/laser.it\/index.php?rest_route=\/wp\/v2\/posts\/11902\/revisions\/11918"}],"wp:featuredmedia":[{"embeddable":true,"href":"https:\/\/laser.it\/index.php?rest_route=\/wp\/v2\/media\/11903"}],"wp:attachment":[{"href":"https:\/\/laser.it\/index.php?rest_route=%2Fwp%2Fv2%2Fmedia&parent=11902"}],"wp:term":[{"taxonomy":"category","embeddable":true,"href":"https:\/\/laser.it\/index.php?rest_route=%2Fwp%2Fv2%2Fcategories&post=11902"},{"taxonomy":"post_tag","embeddable":true,"href":"https:\/\/laser.it\/index.php?rest_route=%2Fwp%2Fv2%2Ftags&post=11902"}],"curies":[{"name":"wp","href":"https:\/\/api.w.org\/{rel}","templated":true}]}}