{"id":11904,"date":"2024-11-30T12:13:28","date_gmt":"2024-11-30T12:13:28","guid":{"rendered":"https:\/\/laser.it\/?p=11904"},"modified":"2024-11-30T12:13:28","modified_gmt":"2024-11-30T12:13:28","slug":"sinner-duro-attacco-di-kafelnikov-squalifica-a-vita-e-kyrgios-condivide","status":"publish","type":"post","link":"https:\/\/laser.it\/?p=11904","title":{"rendered":"Sinner, duro attacco di Kafelnikov: &#8220;Squalifica a vita&#8221;. E Kyrgios condivide"},"content":{"rendered":"<p>(Adnkronos) &#8211; Ancora attacchi a Jannik Sinner. Questa volta ad andare contro il tennista azzurro, ancora in attesa della sentenza definitiva del Tas sul caso doping che lo riguarda, \u00e8 stato Yevgeny Kafelnikov, big del tennis degli anni &#039;90 e campione del Roland Garros, che ha voluto commentare, sul proprio profilo X, anche la squalifica di Iga Swiatek, trovata positiva alla trimetazidina, anche se in una percentuale &quot;tremendamente bassa&quot;.\u00a0&quot;A volte mi chiedo, ma perch\u00e9 diavolo non ho usato steroidi per tutta la mia carriera. Cos\u00ec magari invece di 170 partite all&#039;anno avrei potuto arrivare a giocarne forse 300?&quot;, \u00e8 stato l&#039;esordio del russo, uno dei pi\u00f9 talentuosi interpreti del tennis della sua epoca. Kafelnikov ha continuato con altri tweet ribadendo la propria posizione totalmente intransigente: &quot;Dovrebbe esserci una squalifica a vita per chiunque venga sorpreso a usare sostanze proibite! Nessuna scusa e tolleranza zero, non importa chi sei!!!!&quot;.\u00a0\u00a0&quot;E la parte pi\u00f9 triste di tutto questo \u00e8 che i giocatori giovani ed emergenti (12-16 anni) guardano i loro idoli e pensano che forse \u00e8 normale usare steroidi in futuro e farla franca&quot;, ha continuato l&#039;ex tennista, &quot;i giocatori attuali danno il cattivo esempio alle giovani generazioni&quot;. Kafelnikov ha anche risposto a un utente che gli faceva notore come, ai suoi tempi, i controlli antidoping non fossero molti efficienti: &quot;Io sono stato sottoposto a test 15-20 volte l&#039;anno (dal 1996 al 2002) durante le competizioni e anche fuori stagione. Chiaramente non hai idea di cosa stai parlando&quot;.\u00a0La dura presa di posizione del russo \u00e8 stata condivisa anche da Nick Kyrgios, tennista australiano tornato famoso, dopo un periodo di inattivit\u00e0 sui campi, per i costanti attacchi nei confronti di Jannik Sinner. Kyrgios ha condiviso i tweet di Kafelnikov sul suo profilo aggiungendo un semplice, ma piuttosto eloquente: &quot;S\u00ec&quot;. L&#039;australiano, da mesi, invoca sanzioni esemplari contro l&#039;azzurro.\u00a0&#8212;sportwebinfo@adnkronos.com (Web Info)<\/p>\n","protected":false},"excerpt":{"rendered":"<p>(Adnkronos) &#8211; Ancora attacchi a Jannik Sinner. Questa volta ad andare contro il tennista azzurro, ancora in attesa della sentenza definitiva del Tas sul caso doping che lo riguarda, \u00e8 stato Yevgeny Kafelnikov, big&#46;&#46;&#46;<\/p>\n","protected":false},"author":1,"featured_media":11905,"comment_status":"open","ping_status":"open","sticky":false,"template":"","format":"standard","meta":{"footnotes":""},"categories":[1],"tags":[2,3],"class_list":["post-11904","post","type-post","status-publish","format-standard","has-post-thumbnail","hentry","category-senza-categoria","tag-adnkronos","tag-ultimora"],"_links":{"self":[{"href":"https:\/\/laser.it\/index.php?rest_route=\/wp\/v2\/posts\/11904","targetHints":{"allow":["GET"]}}],"collection":[{"href":"https:\/\/laser.it\/index.php?rest_route=\/wp\/v2\/posts"}],"about":[{"href":"https:\/\/laser.it\/index.php?rest_route=\/wp\/v2\/types\/post"}],"author":[{"embeddable":true,"href":"https:\/\/laser.it\/index.php?rest_route=\/wp\/v2\/users\/1"}],"replies":[{"embeddable":true,"href":"https:\/\/laser.it\/index.php?rest_route=%2Fwp%2Fv2%2Fcomments&post=11904"}],"version-history":[{"count":1,"href":"https:\/\/laser.it\/index.php?rest_route=\/wp\/v2\/posts\/11904\/revisions"}],"predecessor-version":[{"id":11917,"href":"https:\/\/laser.it\/index.php?rest_route=\/wp\/v2\/posts\/11904\/revisions\/11917"}],"wp:featuredmedia":[{"embeddable":true,"href":"https:\/\/laser.it\/index.php?rest_route=\/wp\/v2\/media\/11905"}],"wp:attachment":[{"href":"https:\/\/laser.it\/index.php?rest_route=%2Fwp%2Fv2%2Fmedia&parent=11904"}],"wp:term":[{"taxonomy":"category","embeddable":true,"href":"https:\/\/laser.it\/index.php?rest_route=%2Fwp%2Fv2%2Fcategories&post=11904"},{"taxonomy":"post_tag","embeddable":true,"href":"https:\/\/laser.it\/index.php?rest_route=%2Fwp%2Fv2%2Ftags&post=11904"}],"curies":[{"name":"wp","href":"https:\/\/api.w.org\/{rel}","templated":true}]}}