{"id":11919,"date":"2024-11-30T13:23:00","date_gmt":"2024-11-30T13:23:00","guid":{"rendered":"https:\/\/laser.it\/?p=11919"},"modified":"2024-11-30T13:23:00","modified_gmt":"2024-11-30T13:23:00","slug":"sanita-zaffini-ridare-appetibilita-alle-professioni-sanitarie","status":"publish","type":"post","link":"https:\/\/laser.it\/?p=11919","title":{"rendered":"Sanit\u00e0, Zaffini: &#8220;Ridare appetibilit\u00e0 alle professioni sanitarie&#8221;"},"content":{"rendered":"<p>(Adnkronos) &#8211; &quot;Il tema \u00e8 centrale nelle nostre quotidiane problematiche. \u00c8 un argomento che sta dentro un pi\u00f9 vasto e generale tema del ridare appetibilit\u00e0 alle professioni sanitarie. Su questo versante il terreno lo abbiamo perso negli anni e alcune decisioni della politica, in qualche misura hanno inciso su questo. Basti pensare al deficit di programmazione delle professioni&quot;. A parlare \u00e8 Francesco Zaffini, presidente della Commissione Affari sociali, Sanit\u00e0, Lavoro pubblico e privato, previdenza sociale del Senato, nella giornata conclusiva del Forum Risk Management, l\u2019appuntamento dedicato alle novit\u00e0 in materia di sicurezza sanitaria e trasformazione digitale dei servizi di assistenza, ad Arezzo dal 26 al 29 novembre.\u00a0&quot;A volte non riusciamo a coprire neanche il 50% dei posti disponibili della laurea triennale &#8211; riprende il senatore-. Credo che prendendo atto di questo stato di cose, si debba agire su pi\u00f9 fronti. Intanto dobbiamo renderci conto che c&#039;\u00e8 un percorso culturale che impone un upgrade formativo di tutte le professioni sanitarie: l&#039;operatore sociosanitario ha bisogno di specializzarsi e l&#039;infermiere ha bisogno di fare il biennio della laurea per la specializzazione. La formazione dei nostri medici di famiglia probabilmente oggi va rivista di sana pianta. Pensate solo al tema dell\u2019antibiotico resistenza e dell&#039;appropriatezza nell&#039;utilizzo degli antibiotici. I nostri medici di medicina generale devono essere formati meglio su questo versante. Nel 2050 la prima causa di morte sar\u00e0 data dalle infezioni antibiotico resistenti, molto superiori alle malattie oncologiche e cardiovascolari\u201d.\u00a0Zaffini sottolinea ancora: &quot;abbiamo chiuso il percorso di rivedere le regole d\u2019accesso a medicina. Adesso dobbiamo lavorare sul versante delle professioni, ivi comprese quelle infermieristiche. \u00c8 un primo passo per ridare il via a questa professione. Il secondo passo, sicuramente indispensabile, \u00e8 quello di dare maggiore retribuzione alla professione. A questo riguardo &#8211; aggiunge &#8211; ho due considerazioni: il nostro sistema universalistico, che altri paesi europei non hanno, che cura tutti, dal sud al nord, \u00e8 ovvio che fa carico quasi esclusivamente sulla fiscalit\u00e0 generale e quindi, in proporzione, \u00e8 ovvio, nel nostro paese Italia negli anni viene pagato qualcosa in meno rispetto a un sistema come quello dei paesi del nord Europa che viene spesso portato ad esempio. Il problema \u00e8 che quel sistema \u00e8 un sistema misto, non \u00e8 un sistema universalistico, tutto pubblico, come il nostro. La spesa privata italiana \u00e8 altissima, circa 45 miliardi di euro, mentre il Fondo sanitario nazionale \u00e8 pari a circa 138 miliardi, da quest&#039;anno, che arriver\u00e0 nel 2027 a 150 miliardi&quot;, le sue parole.\u00a0Il senatore si focalizza sulla riforma del &#039;sistema di sanit\u00e0 integrativa&#039;: &#039;Dobbiamo procedere a step &#8211; dice &#8211; il primo step \u00e8 avere un sistema mutualistico assicurativo e investire qualcosa ogni anno. In questo modo si potr\u00e0 cominciare ad abbattere le liste di attesa, quanto meno sul versante della diagnostica e della specialistica. Potremmo aggredire il tema del basso contenuto stipendiario delle professioni infermieristiche, se agissimo con riforme di sistema. Rispetto alla necessit\u00e0 di ridare credibilit\u00e0 a questa professione e migliorare l&#039;organizzazione del lavoro &#8211; illustra &#8211; Abbiamo tentato e stiamo chiudendo una fase sperimentale che dovrebbe concludersi alla fine del 2025. Dovremo cercare di eliminare gli ostacoli a che questa effettiva possibilit\u00e0 per il personale infermieristico di effettuare prestazioni fuori dall&#039;orario di lavoro, ed essere retribuito a fattura.\u00a0La professione infermieristica \u00e8 centrale rispetto al nostro sistema sanitario nazionale: quando parliamo di sanit\u00e0 di prossimit\u00e0 e di sanit\u00e0 di precisione, quando parliamo di scrivere sulla prevenzione primaria e secondaria, quando parliamo di cominciare a curare il sano, affiancando questo percorso alla cura del malato. Dentro questa vicenda c&#039;\u00e8 la professione infermieristica perch\u00e9 la domiciliarit\u00e0 e la prossimit\u00e0 la copre l\u2019upgrade della professione e l&#039;attuale livello formativo di quest&#039;ultima. Tra qualche anno avremo 15 milioni di ultra sessantacinquenni tutti pi\u00f9 o meno portatori di una o due patologie croniche e comorbilit\u00e0. La prossimit\u00e0 la fanno gli infermieri e questa consapevolezza c&#039;\u00e8 tutta. Stiliamo lavorando al percorso di riforma del nostro sistema&quot;, conclude.\u00a0&#8212;salutewebinfo@adnkronos.com (Web Info)<\/p>\n","protected":false},"excerpt":{"rendered":"<p>(Adnkronos) &#8211; &quot;Il tema \u00e8 centrale nelle nostre quotidiane problematiche. \u00c8 un argomento che sta dentro un pi\u00f9 vasto e generale tema del ridare appetibilit\u00e0 alle professioni sanitarie. Su questo versante il terreno lo&#46;&#46;&#46;<\/p>\n","protected":false},"author":1,"featured_media":11920,"comment_status":"open","ping_status":"open","sticky":false,"template":"","format":"standard","meta":{"footnotes":""},"categories":[1],"tags":[2,3],"class_list":["post-11919","post","type-post","status-publish","format-standard","has-post-thumbnail","hentry","category-senza-categoria","tag-adnkronos","tag-ultimora"],"_links":{"self":[{"href":"https:\/\/laser.it\/index.php?rest_route=\/wp\/v2\/posts\/11919","targetHints":{"allow":["GET"]}}],"collection":[{"href":"https:\/\/laser.it\/index.php?rest_route=\/wp\/v2\/posts"}],"about":[{"href":"https:\/\/laser.it\/index.php?rest_route=\/wp\/v2\/types\/post"}],"author":[{"embeddable":true,"href":"https:\/\/laser.it\/index.php?rest_route=\/wp\/v2\/users\/1"}],"replies":[{"embeddable":true,"href":"https:\/\/laser.it\/index.php?rest_route=%2Fwp%2Fv2%2Fcomments&post=11919"}],"version-history":[{"count":1,"href":"https:\/\/laser.it\/index.php?rest_route=\/wp\/v2\/posts\/11919\/revisions"}],"predecessor-version":[{"id":11927,"href":"https:\/\/laser.it\/index.php?rest_route=\/wp\/v2\/posts\/11919\/revisions\/11927"}],"wp:featuredmedia":[{"embeddable":true,"href":"https:\/\/laser.it\/index.php?rest_route=\/wp\/v2\/media\/11920"}],"wp:attachment":[{"href":"https:\/\/laser.it\/index.php?rest_route=%2Fwp%2Fv2%2Fmedia&parent=11919"}],"wp:term":[{"taxonomy":"category","embeddable":true,"href":"https:\/\/laser.it\/index.php?rest_route=%2Fwp%2Fv2%2Fcategories&post=11919"},{"taxonomy":"post_tag","embeddable":true,"href":"https:\/\/laser.it\/index.php?rest_route=%2Fwp%2Fv2%2Ftags&post=11919"}],"curies":[{"name":"wp","href":"https:\/\/api.w.org\/{rel}","templated":true}]}}