{"id":11987,"date":"2024-11-30T20:24:17","date_gmt":"2024-11-30T20:24:17","guid":{"rendered":"https:\/\/laser.it\/?p=11987"},"modified":"2024-11-30T20:24:17","modified_gmt":"2024-11-30T20:24:17","slug":"tajani-in-siria-ci-sono-circa-300-italiani-pronto-convoglio-onu","status":"publish","type":"post","link":"https:\/\/laser.it\/?p=11987","title":{"rendered":"Tajani: &#8220;In Siria ci sono circa 300 italiani, pronto convoglio Onu&#8221;"},"content":{"rendered":"<p>(Adnkronos) &#8211; &quot;In Siria ci sono circa 300 italiani, la met\u00e0 a Damasco&quot; e &quot;attorno ai 120&quot; ad Aleppo e &quot;non ci sono pericoli per i nostri connazionali&quot;. A fare il punto \u00e8 il ministro degli Esteri Antonio Tajani, dopo una riunione anche con l&#039;ambasciatore italiano a Damasco, Stefano Ravagnan, per fare il punto sulla situazione ad Aleppo. \u00a0&quot;Non ci sono pericoli per i nostri connazionali  &#8211; ha quindi aggiunto &#8211; anche perch\u00e9 i ribelli hanno detto in maniera molto chiara che non toccheranno e non faranno operazioni ostili nei confronti della popolazione civile e hanno detto anche che non faranno azioni ostili nei confronti degli italiani in modo particolare e neanche dei cristiani&quot;. Ricordando quindi la &quot;fortissima presenza cristiana&quot; ad Aleppo. \u00a0\u00a0Con un post su X, Tajani aveva fatto sapere di seguire &quot;con attenzione gli sviluppi in Siria con particolare riguardo alla situazione ad Aleppo. L&#039;Ambasciata dell&#039;Italia in Siria sta fornendo assistenza ai nostri connazionali&quot;. &quot;Per ogni emergenza &#8211; aveva aggiunto &#8211; contattare l\u2019Ambasciata al +963992550555 o l&#039;Unit\u00e0 di Crisi al +390636225&quot;.\u00a0&quot;Domani \u00e8 prevista la partenza da Aleppo verso Damasco di un convoglio dell&#039;Onu &#8211; ha affermato quindi il ministro &#8211; Alcuni italiani faranno parte di questo convoglio. Mentre molti altri vogliono rimanere ad Aleppo&quot;. E ha precisato che i connazionali che si trovano ad Aleppo sono famiglie miste italo-siriane e religiosi italiani che &quot;hanno deciso di rimanere&quot;. &quot;Non \u00e8 chiaro quando partir\u00e0 il convoglio&quot;, ha aggiunto il ministro sottolineando che &quot;Al momento non c&#039;\u00e8 stato nessun problema per i nostri cittadini&quot;. \u00a0&quot;Pare che stiano avanzando i ribelli, che sono sostenuti dalla Turchia, spesso ex combattenti di al Qaeda, e stanno scendendo verso il sud non trovando resistenza da parte siriana&quot;, ha spiegato Tajani, precisando che dopo la sconfitta in Libano di Hezbollah, che sostiene il regime di Assad, si \u00e8 indebolita la posizione in Siria e ne hanno approfittato gli avversari di Assad che hanno lanciato l&#039;offensiva che ha portato alla conquista di Aleppo. &quot;Allo stesso tempo i curdi hanno occupato l&#039;aeroporto di Aleppo. I curdi non sono grandi sostenitori di Assad per\u00f2 sono contro le truppe dei ribelli&quot;, ha aggiunto il ministro, precisando che &quot;la situazione \u00e8 confusa e articolata&quot;.\u00a0Il vero rischio per noi \u00e8 che a causa di questa nuova guerra civile ci sia un nuovo collasso migratorio. Questo \u00e8 il vero problema&quot;, ha detto ancora Tajani.\u00a0&quot;Ora in Siria nessuno \u00e8 in grado di intervenire o di parlare con i contendenti sul campo per\u00f2 stiamo lavorando perch\u00e9 tutti gli italiani possano rimanere incolumi e fuori dai combattimenti&quot;, ha affermato  ancora Tajani. &quot;Non ci sono problemi per i nostri connazionali anche perch\u00e9 l&#039;ordine che (i ribelli, ndr) hanno ricevuto, e credo che sia un messaggio partito dalla Turchia che sostiene i ribelli, di non toccare assolutamente i civili, in particolare di non toccare gli italiani e di non toccare i cristiani. I morti sono tra le forze militari combattenti, non tra la popolazione civile&quot;.\u00a0&quot;La Russia sta sostenendo Assad. Per questo si gioca una partita geopolitica tra diverse forze che usano in campo i ribelli, sostenitori di Assad, curdi. E&#039; una situazione molto complicata, molto intricata, collaterale a quello che sta succedendo in Libano, a Gaza. Tutto il Medio Oriente vive in questo momento una situazione di grande instabilit\u00e0&quot;.  L&#039;ambasciatore italiano a Damasco sta lavorando &quot;in sintonia&quot; anche con gli ambasciatori di altri Paesi Ue. Domani ci sar\u00e0 una riunione con gli ambasciatori dell&#039;Ue presso la sede della nostra ambasciata a Damasco. &quot;Si lavora intanto per affrontare la crisi umanitaria e cercare di fare arrivare indenni a Damasco tutti i nostri connazionali&quot;, ha aggiunto Tajani.\u00a0&#8212;internazionale\/esteriwebinfo@adnkronos.com (Web Info)<\/p>\n","protected":false},"excerpt":{"rendered":"<p>(Adnkronos) &#8211; &quot;In Siria ci sono circa 300 italiani, la met\u00e0 a Damasco&quot; e &quot;attorno ai 120&quot; ad Aleppo e &quot;non ci sono pericoli per i nostri connazionali&quot;. A fare il punto \u00e8 il&#46;&#46;&#46;<\/p>\n","protected":false},"author":1,"featured_media":11988,"comment_status":"open","ping_status":"open","sticky":false,"template":"","format":"standard","meta":{"footnotes":""},"categories":[1],"tags":[2,3],"class_list":["post-11987","post","type-post","status-publish","format-standard","has-post-thumbnail","hentry","category-senza-categoria","tag-adnkronos","tag-ultimora"],"_links":{"self":[{"href":"https:\/\/laser.it\/index.php?rest_route=\/wp\/v2\/posts\/11987","targetHints":{"allow":["GET"]}}],"collection":[{"href":"https:\/\/laser.it\/index.php?rest_route=\/wp\/v2\/posts"}],"about":[{"href":"https:\/\/laser.it\/index.php?rest_route=\/wp\/v2\/types\/post"}],"author":[{"embeddable":true,"href":"https:\/\/laser.it\/index.php?rest_route=\/wp\/v2\/users\/1"}],"replies":[{"embeddable":true,"href":"https:\/\/laser.it\/index.php?rest_route=%2Fwp%2Fv2%2Fcomments&post=11987"}],"version-history":[{"count":1,"href":"https:\/\/laser.it\/index.php?rest_route=\/wp\/v2\/posts\/11987\/revisions"}],"predecessor-version":[{"id":11995,"href":"https:\/\/laser.it\/index.php?rest_route=\/wp\/v2\/posts\/11987\/revisions\/11995"}],"wp:featuredmedia":[{"embeddable":true,"href":"https:\/\/laser.it\/index.php?rest_route=\/wp\/v2\/media\/11988"}],"wp:attachment":[{"href":"https:\/\/laser.it\/index.php?rest_route=%2Fwp%2Fv2%2Fmedia&parent=11987"}],"wp:term":[{"taxonomy":"category","embeddable":true,"href":"https:\/\/laser.it\/index.php?rest_route=%2Fwp%2Fv2%2Fcategories&post=11987"},{"taxonomy":"post_tag","embeddable":true,"href":"https:\/\/laser.it\/index.php?rest_route=%2Fwp%2Fv2%2Ftags&post=11987"}],"curies":[{"name":"wp","href":"https:\/\/api.w.org\/{rel}","templated":true}]}}