{"id":12001,"date":"2024-11-30T22:21:07","date_gmt":"2024-11-30T22:21:07","guid":{"rendered":"https:\/\/laser.it\/?p=12001"},"modified":"2024-11-30T22:21:07","modified_gmt":"2024-11-30T22:21:07","slug":"fair-play-menarini-i-campioni-si-raccontano-storie-di-vita-e-di-sport-trionfano-al-talk-show","status":"publish","type":"post","link":"https:\/\/laser.it\/?p=12001","title":{"rendered":"Fair Play Menarini &#8211; &#8216;i campioni si raccontano&#8217;, storie di vita e di sport trionfano al talk show"},"content":{"rendered":"<p>(Adnkronos) &#8211; Riflessioni, aneddoti e retroscena inediti per raccontare il meglio dello sport. \u00c8 stata una serata di straordinaria intensit\u00e0 per il talk show Fair Play Menarini \u2013 I campioni si raccontano. Correttezza, spirito olimpico e rispetto hanno fatto da trait d\u2019union dell\u2019evento, in cui grandi sportivi hanno affascinato il pubblico con le sfide e i successi del loro percorso. Il talk show, ambientato nella cornice suggestiva del Salone dei Cinquecento di Palazzo Vecchio, si \u00e8 dimostrato anche quest\u2019anno un\u2019occasione senza precedenti per mettere in risalto il significato e l&#039;importanza del fair play.\u00a0\u201cAnche in questa edizione il Premio Fair Play Menarini ha celebrato i valori dello sport e i suoi campioni \u2013 ha detto la sindaca di Firenze Sara Funaro \u2013 Valori che non hanno a che fare solo con le abilit\u00e0 atletiche ma anche con tutte le cosiddette \u2018life skills\u2019 che non si limitano all\u2019ambito sportivo, ma possono applicarsi in qualsiasi ambito della vita quotidiana, come l\u2019empatia e la capacit\u00e0 di costruire e mantenere serie e positive relazioni sociali. Qualit\u00e0 fondamentali per costruire una societ\u00e0 migliore, inclusiva e basata sul rispetto. Per questo ringrazio, con tutto il cuore, il Gruppo Menarini\u201d.\u00a0Tanti gli ospiti che si sono alternati sul palco, a partire da un nome storico come Javier Zanetti, leggendario capitano dell\u2019Inter e della Nazionale argentina, vincitore del Premio Internazionale Fair Play Menarini nel 2023. Per il mondo della pallavolo un altro campione indimenticabile: Andrea Zorzi, Ambasciatore del Fair Play Menarini dal 2010 ed esponente di quella \u201cgenerazione di fenomeni\u201d che negli anni \u201890 ha conquistato per due volte il titolo mondiale. A rappresentare il nuovo volto del volley italiano, Ekaterina Antropova, oro a Parigi 2024 con la nazionale allenata da Julio Velasco. \u00a0Le ultime Olimpiadi hanno visto pure l\u2019ascesa di Andy Diaz, campione di salto triplo che proprio in Francia ha centrato la sua prima medaglia in azzurro, dopo aver lasciato Cuba. Tra i fuoriclasse presenti a Palazzo Vecchio anche Fabrizio Donato, bronzo nel salto triplo a Londra 2012, che tre anni fa non ha esitato ad accogliere Diaz in casa propria, diventando il suo allenatore. Idolo dell\u2019atletica, Rigivan Ganeshamoorthy \u00e8 entrato nel cuore degli italiani condividendo le sensazioni vissute alle Paralimpiadi di Parigi 2024, dove si \u00e8 aggiudicato l\u2019oro nel lancio del disco, migliorando per tre volte consecutive il primato mondiale. \u00a0Protagonista per lo sci Giuliano Razzoli, medaglia d\u2019oro nello slalom speciale ai Giochi Invernali di Vancouver 2010 e Ambasciatore del Fair Play Menarini, che lo scorso maggio ha concluso la sua carriera ventennale. Al Salone dei Cinquecento applausi scroscianti pure per Borja Valero, centrocampista spagnolo diventato bandiera della Fiorentina e beniamino dei tifosi viola. Il giornalista Federico Buffa, tra i vincitori del 28\u00b0 Premio Internazionale Fair Play Menarini, ha poi incantato gli spettatori con il suo modo unico di raccontare le storie delle icone mondiali dello sport.\u00a0Il talk show ha visto anche la partecipazione del Comitato Olimpico Nazionale Italiano, rappresentato da Silvia Salis, vicepresidente vicario del Coni ed ex campionessa di lancio del martello, con all\u2019attivo due partecipazioni olimpiche. Realizzato in partnership con Sky TG24, anche i telespettatori del canale 501 della piattaforma hanno potuto seguire per la prima volta l\u2019evento in diretta. Trasportato con le stelle dello sport a Palazzo Vecchio, il pubblico televisivo ha assistito allo show presentato da Rachele Sangiuliano, ex campionessa di pallavolo e conduttrice di Sky Sport, e dai vicedirettori di Sky TG24, Omar Schillaci e Michele Cagiano, con Alessandro Acton, giornalista e conduttore di Sky Sport. \u201cAnche in questa edizione de I campioni si raccontano abbiamo ascoltato storie uniche di persone che vivono lo sport nella sua essenza pi\u00f9 profonda \u2013 dichiarano Valeria Speroni Cardi e Filippo Paganelli, membri del Board della Fondazione Fair Play Menarini \u2013 Non ci resta che darvi appuntamento all\u2019estate 2025 per la ventinovesima edizione, con la voglia di continuare a trasmettere i valori del Fair Play Menarini soprattutto ai pi\u00f9 giovani\u201d.\u00a0&#8212;sportwebinfo@adnkronos.com (Web Info)<\/p>\n","protected":false},"excerpt":{"rendered":"<p>(Adnkronos) &#8211; Riflessioni, aneddoti e retroscena inediti per raccontare il meglio dello sport. \u00c8 stata una serata di straordinaria intensit\u00e0 per il talk show Fair Play Menarini \u2013 I campioni si raccontano. Correttezza, spirito&#46;&#46;&#46;<\/p>\n","protected":false},"author":1,"featured_media":12002,"comment_status":"open","ping_status":"open","sticky":false,"template":"","format":"standard","meta":{"footnotes":""},"categories":[1],"tags":[2,3],"class_list":["post-12001","post","type-post","status-publish","format-standard","has-post-thumbnail","hentry","category-senza-categoria","tag-adnkronos","tag-ultimora"],"_links":{"self":[{"href":"https:\/\/laser.it\/index.php?rest_route=\/wp\/v2\/posts\/12001","targetHints":{"allow":["GET"]}}],"collection":[{"href":"https:\/\/laser.it\/index.php?rest_route=\/wp\/v2\/posts"}],"about":[{"href":"https:\/\/laser.it\/index.php?rest_route=\/wp\/v2\/types\/post"}],"author":[{"embeddable":true,"href":"https:\/\/laser.it\/index.php?rest_route=\/wp\/v2\/users\/1"}],"replies":[{"embeddable":true,"href":"https:\/\/laser.it\/index.php?rest_route=%2Fwp%2Fv2%2Fcomments&post=12001"}],"version-history":[{"count":1,"href":"https:\/\/laser.it\/index.php?rest_route=\/wp\/v2\/posts\/12001\/revisions"}],"predecessor-version":[{"id":12009,"href":"https:\/\/laser.it\/index.php?rest_route=\/wp\/v2\/posts\/12001\/revisions\/12009"}],"wp:featuredmedia":[{"embeddable":true,"href":"https:\/\/laser.it\/index.php?rest_route=\/wp\/v2\/media\/12002"}],"wp:attachment":[{"href":"https:\/\/laser.it\/index.php?rest_route=%2Fwp%2Fv2%2Fmedia&parent=12001"}],"wp:term":[{"taxonomy":"category","embeddable":true,"href":"https:\/\/laser.it\/index.php?rest_route=%2Fwp%2Fv2%2Fcategories&post=12001"},{"taxonomy":"post_tag","embeddable":true,"href":"https:\/\/laser.it\/index.php?rest_route=%2Fwp%2Fv2%2Ftags&post=12001"}],"curies":[{"name":"wp","href":"https:\/\/api.w.org\/{rel}","templated":true}]}}