{"id":12003,"date":"2024-11-30T22:47:30","date_gmt":"2024-11-30T22:47:30","guid":{"rendered":"https:\/\/laser.it\/?p=12003"},"modified":"2024-11-30T22:47:30","modified_gmt":"2024-11-30T22:47:30","slug":"pallavolo-antropova-loro-olimpico-il-gruppo-ha-fatto-la-differenza","status":"publish","type":"post","link":"https:\/\/laser.it\/?p=12003","title":{"rendered":"Pallavolo, Antropova: &#8220;L&#8217;oro olimpico? Il gruppo ha fatto la differenza&#8221;"},"content":{"rendered":"<p>(Adnkronos) &#8211; La vittoria alle Olimpiadi di Parigi insegna che &quot;l&#039;unione, il gruppo ha fatto la differenza. Ho ricevuto tantissimi commenti dalle persone che non seguivano la pallavolo e che hanno detto che si vedeva veramente che avevamo un gruppo molto coeso, ed \u00e8 secondo me uno dei complimenti migliori&quot;. Lo ha detto Ekaterina Antropova, campionessa della nazionale femminile italiana di volley che per la prima volta nella sua storia ha vinto l&#039;oro olimpico, parlando con i giornalisti a Firenze in occasione del talk show &quot;I campioni si raccontano&quot;, evento organizzati oggi nell&#039;ambito del 28\u00b0 Premio Internazionale Fair Play Menarini. \u00a0La campionessa olimpica e punto di forza della Savino Del Bene Scandicci, a proposito dell&#039;evento Fair Play Menarini ha aggiunto: &quot;E&#039; un onore esser qua stasera e riuscire a trasmettere qualcosa che va oltre l&#039;importanza delle vittorie&quot;. \u00a0Riferendosi alla stagione appena iniziata con il suo club, Antropova ha affermato: &quot;E&#039; stato un novembre ricco di impegni e sar\u00e0 cos\u00ec anche il mese di dicembre. Gi\u00e0 domani giochiamo. Sono molto felice della mia squadra che sta avendo un buon andamento sia in campionato che in Champions League e speriamo di riuscire a continuare cos\u00ec&quot;.\u00a0Infine, ripensando alla vittoria all&#039;Olimpiade, arrivata quasi in contemporanea con l&#039;ottenimento della nazionalit\u00e0 italiana, Antropova ha spiegato: &quot;Nel 2024 sono riuscita a esprimere e coronare nel miglior modo possibile con l&#039;oro olimpico il cambiamento di nazionalit\u00e0. Adesso ci aspetta una stagione altrettanto importante. Nessuno poteva immaginare di vincere l&#039;Olimpiade, non mi ponevo obiettivi del genere, L&#039;obiettivo del 2025, per quanto possa sembrare banale, \u00e8 fare sempre il meglio&quot;.\u00a0&#8212;sportwebinfo@adnkronos.com (Web Info)<\/p>\n","protected":false},"excerpt":{"rendered":"<p>(Adnkronos) &#8211; La vittoria alle Olimpiadi di Parigi insegna che &quot;l&#039;unione, il gruppo ha fatto la differenza. Ho ricevuto tantissimi commenti dalle persone che non seguivano la pallavolo e che hanno detto che si&#46;&#46;&#46;<\/p>\n","protected":false},"author":1,"featured_media":12004,"comment_status":"open","ping_status":"open","sticky":false,"template":"","format":"standard","meta":{"footnotes":""},"categories":[1],"tags":[2,3],"class_list":["post-12003","post","type-post","status-publish","format-standard","has-post-thumbnail","hentry","category-senza-categoria","tag-adnkronos","tag-ultimora"],"_links":{"self":[{"href":"https:\/\/laser.it\/index.php?rest_route=\/wp\/v2\/posts\/12003","targetHints":{"allow":["GET"]}}],"collection":[{"href":"https:\/\/laser.it\/index.php?rest_route=\/wp\/v2\/posts"}],"about":[{"href":"https:\/\/laser.it\/index.php?rest_route=\/wp\/v2\/types\/post"}],"author":[{"embeddable":true,"href":"https:\/\/laser.it\/index.php?rest_route=\/wp\/v2\/users\/1"}],"replies":[{"embeddable":true,"href":"https:\/\/laser.it\/index.php?rest_route=%2Fwp%2Fv2%2Fcomments&post=12003"}],"version-history":[{"count":1,"href":"https:\/\/laser.it\/index.php?rest_route=\/wp\/v2\/posts\/12003\/revisions"}],"predecessor-version":[{"id":12018,"href":"https:\/\/laser.it\/index.php?rest_route=\/wp\/v2\/posts\/12003\/revisions\/12018"}],"wp:featuredmedia":[{"embeddable":true,"href":"https:\/\/laser.it\/index.php?rest_route=\/wp\/v2\/media\/12004"}],"wp:attachment":[{"href":"https:\/\/laser.it\/index.php?rest_route=%2Fwp%2Fv2%2Fmedia&parent=12003"}],"wp:term":[{"taxonomy":"category","embeddable":true,"href":"https:\/\/laser.it\/index.php?rest_route=%2Fwp%2Fv2%2Fcategories&post=12003"},{"taxonomy":"post_tag","embeddable":true,"href":"https:\/\/laser.it\/index.php?rest_route=%2Fwp%2Fv2%2Ftags&post=12003"}],"curies":[{"name":"wp","href":"https:\/\/api.w.org\/{rel}","templated":true}]}}