{"id":12007,"date":"2024-11-30T22:34:00","date_gmt":"2024-11-30T22:34:00","guid":{"rendered":"https:\/\/laser.it\/?p=12007"},"modified":"2024-11-30T22:34:00","modified_gmt":"2024-11-30T22:34:00","slug":"atletica-ganeshamoorthy-la-mia-fortuna-e-aver-incontrato-persone-giuste-per-lo-sport","status":"publish","type":"post","link":"https:\/\/laser.it\/?p=12007","title":{"rendered":"Atletica, Ganeshamoorthy: &#8220;La mia fortuna \u00e8 aver incontrato persone giuste per lo sport&#8221;"},"content":{"rendered":"<p>(Adnkronos) &#8211; &quot;A me non piace tanto raccontarmi anche perch\u00e9 la mia storia la conoscono tutti, non ho niente da aggiornare, tutto \u00e8 rimasto come a Parigi. La mia fortuna \u00e8 aver avuto le persone giuste vicino che mi hanno aperto la testa per pensare allo sport senn\u00f2 rimani sulla sedia e rifletti solo sul male ed il brutto della vita. Sono stato molto fortunato perch\u00e9 ho visto un\u2019altra vita che si \u00e8 aperta davanti a me&quot;. Lo ha detto Rigivan Ganeshamoorthy, rivelazione dell&#039;atletica paralimpica, che pochi mesi fa a Parigi ha vinto l&#039;oro nel lancio del disco, migliorando per tre volte consecutive il record del mondo, parlando con i giornalisti a Firenze in occasione del talk show &quot;I campioni si raccontano&quot;, evento organizzato oggi nell&#039;ambito del 28\u00b0 Premio Internazionale Fair Play Menarini. \u00a0&quot;I primi tempi dopo l\u2019incidente sono stati difficili per tutti perch\u00e9 ero depresso, pensi perch\u00e9 \u00e8 successo a me, perch\u00e8 tutto questo &#8211; ha raccontato Ganeshamoorthy &#8211; Poi capisce il senso della vita, le cose che vivi ed anche fare la fisioterapia ti fa dire: &#039;Sono ancora in vita, posso parlare, mangiare&#039;, ci sono altre persone che non arrivano a questo e sono fiero di quel che ho fatto. All\u2019inizio non pensavo di farcela a fare lo sport che faccio, poi ci ho provato e sono stato fiero&quot;. \u00a0&#8212;sportwebinfo@adnkronos.com (Web Info)<\/p>\n","protected":false},"excerpt":{"rendered":"<p>(Adnkronos) &#8211; &quot;A me non piace tanto raccontarmi anche perch\u00e9 la mia storia la conoscono tutti, non ho niente da aggiornare, tutto \u00e8 rimasto come a Parigi. La mia fortuna \u00e8 aver avuto le&#46;&#46;&#46;<\/p>\n","protected":false},"author":1,"featured_media":12008,"comment_status":"open","ping_status":"open","sticky":false,"template":"","format":"standard","meta":{"footnotes":""},"categories":[1],"tags":[2,3],"class_list":["post-12007","post","type-post","status-publish","format-standard","has-post-thumbnail","hentry","category-senza-categoria","tag-adnkronos","tag-ultimora"],"_links":{"self":[{"href":"https:\/\/laser.it\/index.php?rest_route=\/wp\/v2\/posts\/12007","targetHints":{"allow":["GET"]}}],"collection":[{"href":"https:\/\/laser.it\/index.php?rest_route=\/wp\/v2\/posts"}],"about":[{"href":"https:\/\/laser.it\/index.php?rest_route=\/wp\/v2\/types\/post"}],"author":[{"embeddable":true,"href":"https:\/\/laser.it\/index.php?rest_route=\/wp\/v2\/users\/1"}],"replies":[{"embeddable":true,"href":"https:\/\/laser.it\/index.php?rest_route=%2Fwp%2Fv2%2Fcomments&post=12007"}],"version-history":[{"count":1,"href":"https:\/\/laser.it\/index.php?rest_route=\/wp\/v2\/posts\/12007\/revisions"}],"predecessor-version":[{"id":12012,"href":"https:\/\/laser.it\/index.php?rest_route=\/wp\/v2\/posts\/12007\/revisions\/12012"}],"wp:featuredmedia":[{"embeddable":true,"href":"https:\/\/laser.it\/index.php?rest_route=\/wp\/v2\/media\/12008"}],"wp:attachment":[{"href":"https:\/\/laser.it\/index.php?rest_route=%2Fwp%2Fv2%2Fmedia&parent=12007"}],"wp:term":[{"taxonomy":"category","embeddable":true,"href":"https:\/\/laser.it\/index.php?rest_route=%2Fwp%2Fv2%2Fcategories&post=12007"},{"taxonomy":"post_tag","embeddable":true,"href":"https:\/\/laser.it\/index.php?rest_route=%2Fwp%2Fv2%2Ftags&post=12007"}],"curies":[{"name":"wp","href":"https:\/\/api.w.org\/{rel}","templated":true}]}}