{"id":12202,"date":"2024-12-02T12:48:26","date_gmt":"2024-12-02T12:48:26","guid":{"rendered":"https:\/\/laser.it\/?p=12202"},"modified":"2024-12-02T12:48:26","modified_gmt":"2024-12-02T12:48:26","slug":"caramanna-procuratore-minori-il-446-dei-bambini-tra-6-e-10-anni-usano-i-social","status":"publish","type":"post","link":"https:\/\/laser.it\/?p=12202","title":{"rendered":"Caramanna (procuratore minori): &#8220;Il 44,6% dei bambini tra 6 e 10 anni usano i social&#8221;"},"content":{"rendered":"<p>(Adnkronos) &#8211; &quot;Il 44,6% di bambini nella fascia tra i 6 e i 10 anni quotidianamente utilizzano internet ed accedono a piattaforme come TikTok, Instagram o altro. E&#039; chiaro che questo crea i presupposti per una dipendenza in et\u00e0 futura. Tutti gli studi internazionali sconsigliano fino ai due anni l&#039;uso della televisione, immaginiamo cosa significa consegnare i cellulari a dei bambini senza rendersi conto dei danni che tutto questo crea nei minori perch\u00e9 genera una vera e propria dipendenza dai social&quot;. Cos\u00ec il procuratore del tribunale dei minori di Palermo Claudia Caramanna parlando a margine del forum &#039;Il contrasto alla criminalit\u00e0 tra l&#039;utilizzo dei social, cybercrime e nuove dipendenze&#039; organizzato a Palermo dalla Fondazione Magna Grecia.  \u00a0Sulla possibilit\u00e0 di vietare i social ai minori, Caramanna \u00e8 abbastanza scettica: &quot;Dobbiamo essere chiari, onestamente non credo che di possa riuscire a farlo&quot;. La strada invece \u00e8 quella di &quot;cambiare l&#039;impostazione culturale, cio\u00e8 cercare di educare i nostri figli a recuperare il rapporto con la realt\u00e0. Quindi uno spazio maggiore per le relazioni vere, i rapporti con i propri genitori, con la natura, credo che questa sia la strada giusta&quot;.\u00a0L&#039;utilizzo smodato dei social da parte dei giovani e altre forme di dipendenze, come l&#039;uso di droghe, &quot;sono fenomeni correlati, che vivono in parallelo, perch\u00e9 quello che li accomuna \u00e8 l&#039;isolamento di questi ragazzini, la fragilit\u00e0 delle nuove generazioni&quot;.  \u00a0&quot;Queste generazioni vivono in un contesto sociale assolutamente incerto &#8211; aggiunge &#8211; in cui quello che vale \u00e8 l&#039;apparenza, in cui devi primeggiare, in cui non c&#039;\u00e8 spazio per le fragilit\u00e0 e la diversit\u00e0 e questo vuoto interiore viene colmato, chiaramente in modo illusorio, con l&#039;utilizzo smodato dei social, con la ricerca del like e del follower e anche con il consumo di sostanze stupefacenti&quot;.\u00a0&#8212;cronacawebinfo@adnkronos.com (Web Info)<\/p>\n","protected":false},"excerpt":{"rendered":"<p>(Adnkronos) &#8211; &quot;Il 44,6% di bambini nella fascia tra i 6 e i 10 anni quotidianamente utilizzano internet ed accedono a piattaforme come TikTok, Instagram o altro. E&#039; chiaro che questo crea i presupposti&#46;&#46;&#46;<\/p>\n","protected":false},"author":1,"featured_media":12203,"comment_status":"open","ping_status":"open","sticky":false,"template":"","format":"standard","meta":{"footnotes":""},"categories":[1],"tags":[2,3],"class_list":["post-12202","post","type-post","status-publish","format-standard","has-post-thumbnail","hentry","category-senza-categoria","tag-adnkronos","tag-ultimora"],"_links":{"self":[{"href":"https:\/\/laser.it\/index.php?rest_route=\/wp\/v2\/posts\/12202","targetHints":{"allow":["GET"]}}],"collection":[{"href":"https:\/\/laser.it\/index.php?rest_route=\/wp\/v2\/posts"}],"about":[{"href":"https:\/\/laser.it\/index.php?rest_route=\/wp\/v2\/types\/post"}],"author":[{"embeddable":true,"href":"https:\/\/laser.it\/index.php?rest_route=\/wp\/v2\/users\/1"}],"replies":[{"embeddable":true,"href":"https:\/\/laser.it\/index.php?rest_route=%2Fwp%2Fv2%2Fcomments&post=12202"}],"version-history":[{"count":1,"href":"https:\/\/laser.it\/index.php?rest_route=\/wp\/v2\/posts\/12202\/revisions"}],"predecessor-version":[{"id":12218,"href":"https:\/\/laser.it\/index.php?rest_route=\/wp\/v2\/posts\/12202\/revisions\/12218"}],"wp:featuredmedia":[{"embeddable":true,"href":"https:\/\/laser.it\/index.php?rest_route=\/wp\/v2\/media\/12203"}],"wp:attachment":[{"href":"https:\/\/laser.it\/index.php?rest_route=%2Fwp%2Fv2%2Fmedia&parent=12202"}],"wp:term":[{"taxonomy":"category","embeddable":true,"href":"https:\/\/laser.it\/index.php?rest_route=%2Fwp%2Fv2%2Fcategories&post=12202"},{"taxonomy":"post_tag","embeddable":true,"href":"https:\/\/laser.it\/index.php?rest_route=%2Fwp%2Fv2%2Ftags&post=12202"}],"curies":[{"name":"wp","href":"https:\/\/api.w.org\/{rel}","templated":true}]}}