{"id":12303,"date":"2024-12-02T17:18:38","date_gmt":"2024-12-02T17:18:38","guid":{"rendered":"https:\/\/laser.it\/?p=12303"},"modified":"2024-12-02T17:18:38","modified_gmt":"2024-12-02T17:18:38","slug":"coppa-davis-la-final-8-in-italia-dal-2025-al-2027","status":"publish","type":"post","link":"https:\/\/laser.it\/?p=12303","title":{"rendered":"Coppa Davis, la Final 8 in Italia dal 2025 al 2027"},"content":{"rendered":"<p>(Adnkronos) &#8211;<br \/>\nSar\u00e0 l&#039;Italia campione in carica ad ospitare la Final 8 di Coppa Davis dal 2025 al 2027. Lo ha annunciato la Federtennis internazionale, Itf, nel corso della cerimonia di sorteggio degli incontri di primo turno dei Qualifiers in programma a febbraio. Come nazione ospitante l&#039;Italia \u00e8 qualificata di diritto per la Final 8 di novembre e difender\u00e0 in casa, quindi, il titolo conquistato negli ultimi 2 anni da Jannik Sinner e dagli altri azzurri.\u00a0L&#039;Olanda, finalista nel 2024, ha avuto la seconda wild card ed entrer\u00e0 nella competizione a settembre, in occasione del secondo turno dei Qualifiers, ovvero gli scontri decisivi per l&#039;accesso alla Final 8 che da quest&#039;anno prendono il posto della fase a giro.\u00a0&quot;Il 2024 si chiude con la ciliegina sulla torta, con un ultimo (ed ennesimo) riconoscimento al tennis italiano dopo un anno di memorabili e storici trionfi: la Federazione Internazionale ha assegnato alla Fitp l\u2019organizzazione delle prossime Finals di Coppa Davis, per tre anni&quot;. E&#039; il commento del presidente Fitp, Angelo Binaghi. &quot;La decisione segue l\u2019accordo quadriennale di trasmissione su SuperTennis delle due massime competizioni a squadre per nazioni. Non possiamo che esserne felici e orgogliosi; tutti gli appassionati italiani, in questo modo, potranno seguire il nostro sport sempre pi\u00f9 dal vivo, e gratis in chiaro in tv. Il nostro compito \u00e8, infatti, quello di rendere il tennis sempre pi\u00f9 popolare e impedire che la visibilit\u00e0 delle imprese dei nostri campioni possa essere in alcun modo limitata&quot;.\u00a0&#8212;sportwebinfo@adnkronos.com (Web Info)<\/p>\n","protected":false},"excerpt":{"rendered":"<p>(Adnkronos) &#8211; Sar\u00e0 l&#039;Italia campione in carica ad ospitare la Final 8 di Coppa Davis dal 2025 al 2027. Lo ha annunciato la Federtennis internazionale, Itf, nel corso della cerimonia di sorteggio degli incontri&#46;&#46;&#46;<\/p>\n","protected":false},"author":1,"featured_media":12304,"comment_status":"open","ping_status":"open","sticky":false,"template":"","format":"standard","meta":{"footnotes":""},"categories":[1],"tags":[2,3],"class_list":["post-12303","post","type-post","status-publish","format-standard","has-post-thumbnail","hentry","category-senza-categoria","tag-adnkronos","tag-ultimora"],"_links":{"self":[{"href":"https:\/\/laser.it\/index.php?rest_route=\/wp\/v2\/posts\/12303","targetHints":{"allow":["GET"]}}],"collection":[{"href":"https:\/\/laser.it\/index.php?rest_route=\/wp\/v2\/posts"}],"about":[{"href":"https:\/\/laser.it\/index.php?rest_route=\/wp\/v2\/types\/post"}],"author":[{"embeddable":true,"href":"https:\/\/laser.it\/index.php?rest_route=\/wp\/v2\/users\/1"}],"replies":[{"embeddable":true,"href":"https:\/\/laser.it\/index.php?rest_route=%2Fwp%2Fv2%2Fcomments&post=12303"}],"version-history":[{"count":1,"href":"https:\/\/laser.it\/index.php?rest_route=\/wp\/v2\/posts\/12303\/revisions"}],"predecessor-version":[{"id":12313,"href":"https:\/\/laser.it\/index.php?rest_route=\/wp\/v2\/posts\/12303\/revisions\/12313"}],"wp:featuredmedia":[{"embeddable":true,"href":"https:\/\/laser.it\/index.php?rest_route=\/wp\/v2\/media\/12304"}],"wp:attachment":[{"href":"https:\/\/laser.it\/index.php?rest_route=%2Fwp%2Fv2%2Fmedia&parent=12303"}],"wp:term":[{"taxonomy":"category","embeddable":true,"href":"https:\/\/laser.it\/index.php?rest_route=%2Fwp%2Fv2%2Fcategories&post=12303"},{"taxonomy":"post_tag","embeddable":true,"href":"https:\/\/laser.it\/index.php?rest_route=%2Fwp%2Fv2%2Ftags&post=12303"}],"curies":[{"name":"wp","href":"https:\/\/api.w.org\/{rel}","templated":true}]}}