{"id":12310,"date":"2024-12-02T17:46:10","date_gmt":"2024-12-02T17:46:10","guid":{"rendered":"https:\/\/laser.it\/?p=12310"},"modified":"2024-12-02T17:46:10","modified_gmt":"2024-12-02T17:46:10","slug":"sanremo-2025-codacons-vuole-vedere-i-testi-delle-canzoni","status":"publish","type":"post","link":"https:\/\/laser.it\/?p=12310","title":{"rendered":"Sanremo 2025, Codacons vuole vedere i testi delle canzoni"},"content":{"rendered":"<p>(Adnkronos) &#8211;<br \/>\nIl Codacons chiede di visionare in anteprima i testi delle canzoni che saranno portati in gara al Festival di Sanremo 2025 e rivolge un appello ai rapper inseriti da Carlo Conti nel cast della kermesse canora affinch\u00e9 ritirino le canzoni pubblicate in passato e contenenti testi sessisti e violenti.\u00a0&#039;&#039;Dopo il &#039;pasticcio&#039; combinato da Carlo Conti e dalla Rai &#8211; si legge in una nota del Codacons &#8211; che proprio nel momento in cui in Italia si \u00e8 avviata una lotta serrata a femminicidi, violenza di genere e bullismo hanno inserito nel cast di Sanremo artisti i cui brani sono stati caratterizzati da insulti alle donne e frasi violente, abbiamo deciso di scrivere a tutti i cantanti che parteciperanno al prossimo Festival, allo scopo di visionare in anteprima i testi delle canzoni in gara e valutare e segnalare la presenza di possibili contenuti pericolosi&#039;&#039;.\u00a0&quot;Il timore infatti \u00e8 che la corsa sfrenata all\u2019audience da parte di Rai e del direttore artistico &#8211; prosegue la nota &#8211; abbia potuto far passare in secondo piano i testi, a beneficio di nomi controversi in grado di garantire ascolti alla trasmissione&#039;&#039;.\u00a0Il Codacons rivolge poi un appello diretto a Emis Killa, Fedez, Tony Effe e Gu\u00e8, &#039;&#039;rapper che si sono contraddistinti in passato per la violenza e la pericolosit\u00e0 dei loro testi&#039;&#039;, continua, invitandoli a prendere le distanze da contenuti sessisti e insulti alle donne, attraverso il ritiro dalle piattaforme musicali e dal web dei loro brani contenenti testi che rappresentano una offesa al genere femminile o che possono incentivare i giovani alla violenza. \u00a0Sul cast del Festival interviene anche Maurizio Gasparri, presidente dei senatori di Forza Italia. &quot;Non voglio aprire una polemica sui cantanti di Sanremo, mi dispiace per l&#039;esclusione di Al Bano ed Amedeo Minghi. Le scelte di Conti? Mi dicono che ci sono alcuni rapper che pare abbiano avuto un po\u2019 di legami con tifosi discutibili di Milano&quot;, dice a Rai Radio1, ospite di Un Giorno da Pecora, rispondendo ad una domanda dei conduttori sui nomi scelti come &#039;big&#039;.\u00a0&quot;Mi dicono che ci siano dei contatti con una certa tifoseria di S. Siro, se fossi in Rai direi di controllare se questi sono un po&#039; limitrofi ad ambienti sotto indagine&quot;, prosegue. E se lo fossero? &quot;Ci vuole cautela, bisogna capire cosa vanno a dire. Attenzione a vedere la contiguit\u00e0 di alcuni con fenomeni di violenza e nel caso verificare&quot;. Cosa ne pensa della presenza del rapper Fedez, che lei ha spesso criticato, sul palco dell\u2019Ariston? &quot;Non mi pronuncio \u2013 dice Gasparri a Un Giorno da Pecora -, ma Fedez non \u00e8 un cantante secondo me, lui parla, \u00e8 come me, racconta una roba. Jovanotti \u00e8 un cantante ma ogni tanto fa anche rap&quot;.\u00a0\u00a0&#8212;spettacoliwebinfo@adnkronos.com (Web Info)<\/p>\n","protected":false},"excerpt":{"rendered":"<p>(Adnkronos) &#8211; Il Codacons chiede di visionare in anteprima i testi delle canzoni che saranno portati in gara al Festival di Sanremo 2025 e rivolge un appello ai rapper inseriti da Carlo Conti nel&#46;&#46;&#46;<\/p>\n","protected":false},"author":1,"featured_media":12311,"comment_status":"open","ping_status":"open","sticky":false,"template":"","format":"standard","meta":{"footnotes":""},"categories":[1],"tags":[2,3],"class_list":["post-12310","post","type-post","status-publish","format-standard","has-post-thumbnail","hentry","category-senza-categoria","tag-adnkronos","tag-ultimora"],"_links":{"self":[{"href":"https:\/\/laser.it\/index.php?rest_route=\/wp\/v2\/posts\/12310","targetHints":{"allow":["GET"]}}],"collection":[{"href":"https:\/\/laser.it\/index.php?rest_route=\/wp\/v2\/posts"}],"about":[{"href":"https:\/\/laser.it\/index.php?rest_route=\/wp\/v2\/types\/post"}],"author":[{"embeddable":true,"href":"https:\/\/laser.it\/index.php?rest_route=\/wp\/v2\/users\/1"}],"replies":[{"embeddable":true,"href":"https:\/\/laser.it\/index.php?rest_route=%2Fwp%2Fv2%2Fcomments&post=12310"}],"version-history":[{"count":1,"href":"https:\/\/laser.it\/index.php?rest_route=\/wp\/v2\/posts\/12310\/revisions"}],"predecessor-version":[{"id":12322,"href":"https:\/\/laser.it\/index.php?rest_route=\/wp\/v2\/posts\/12310\/revisions\/12322"}],"wp:featuredmedia":[{"embeddable":true,"href":"https:\/\/laser.it\/index.php?rest_route=\/wp\/v2\/media\/12311"}],"wp:attachment":[{"href":"https:\/\/laser.it\/index.php?rest_route=%2Fwp%2Fv2%2Fmedia&parent=12310"}],"wp:term":[{"taxonomy":"category","embeddable":true,"href":"https:\/\/laser.it\/index.php?rest_route=%2Fwp%2Fv2%2Fcategories&post=12310"},{"taxonomy":"post_tag","embeddable":true,"href":"https:\/\/laser.it\/index.php?rest_route=%2Fwp%2Fv2%2Ftags&post=12310"}],"curies":[{"name":"wp","href":"https:\/\/api.w.org\/{rel}","templated":true}]}}