{"id":1239,"date":"2024-10-17T10:42:00","date_gmt":"2024-10-17T10:42:00","guid":{"rendered":"https:\/\/laser.it\/?p=1239"},"modified":"2024-10-17T10:42:00","modified_gmt":"2024-10-17T10:42:00","slug":"poverta-assoluta-per-57-milioni-di-italiani-nel-2023","status":"publish","type":"post","link":"https:\/\/laser.it\/?p=1239","title":{"rendered":"Povert\u00e0 assoluta per 5,7 milioni di italiani nel 2023"},"content":{"rendered":"<p>(Adnkronos) &#8211; Nel 2023 vivevano in condizione di povert\u00e0 assoluta poco pi\u00f9 di 2,2 milioni di famiglie (8,4% sul totale delle famiglie residenti, valore stabile rispetto al 2022) e quasi 5,7 milioni di individui, 9,7% sul totale degli individui residenti, come nell\u2019anno precedente. Lo rileva l&#039;istat. L\u2019incidenza di povert\u00e0 assoluta fra i minori si attesta al 13,8% (quasi 1,3 milioni di bambini e ragazzi, dal 13,4% del 2022), valore pi\u00f9 elevato della serie storica dal 2014 mentre \u00e8 all\u201911,8% fra i giovani di 18-34 anni (pari a circa 1 milione 145mila individui, stabile rispetto al 2022); per i 35-64 enni si conferma al 9,4%, anch\u2019esso valore massimo raggiunto dalla serie storica. Sostanzialmente invariata \u00e8 anche l\u2019incidenza di povert\u00e0 assoluta fra gli over 65 (6,2%, quasi 887mila persone).\u00a0L\u2019incidenza delle famiglie in povert\u00e0 assoluta si mantiene pi\u00f9 alta nel Mezzogiorno (dove coinvolge oltre 859mila famiglie, 10,2% del totale), seguita dal Nord-ovest (8,0%, 585mila famiglie) e Nord-est (7,9%, 413mila famiglie), mentre il Centro conferma i valori pi\u00f9 bassi (6,7%, 360mila famiglie). Tra le famiglie povere, il 38,7% risiede nel Mezzogiorno (41,4% nel 2022) e il 45,0% al Nord (42,9% nel 2022). Il restante 16,2% risiede nel Centro (15,6% nel 2022)\u00a0La stabilit\u00e0 dell\u2019incidenza di povert\u00e0 registrata a livello individuale \u00e8 frutto di dinamiche territoriali differenti: aumenta per i residenti nel Nord-ovest (9,1% dall\u20198,2% del 2022), mentre si riduce per chi vive nel Sud (12,0% dal 13,3% del 2022). \u00a0L\u2019incidenza della povert\u00e0 assoluta fra le famiglie con almeno uno straniero \u00e8 pari al 30,4%, si ferma invece al 6,3% per le famiglie composte solamente da italiani. L\u2019incidenza di povert\u00e0 relativa familiare, pari al 10,6%, \u00e8 stabile rispetto al 2022; si contano oltre 2,8 milioni di famiglie sotto la soglia. In lieve crescita l\u2019incidenza di povert\u00e0 relativa individuale che arriva al 14,5% dal 14,0% del 2022, coinvolgendo quasi 8,5 milioni di individui.\u00a0L\u2019incidenza della povert\u00e0 assoluta si conferma pi\u00f9 elevata tra le famiglie con un maggior numero di componenti: raggiunge il 20,1% tra quelle con cinque e pi\u00f9 componenti e l\u201911,9% tra quelle con quattro. Invariati anche i valori dell\u2019incidenza delle famiglie di tre componenti (8,2%), rileva ancora l&#039;Istat nel report sulla povert\u00e0 anno 2023.\u00a0Il disagio pi\u00f9 marcato si osserva per le famiglie con tre o pi\u00f9 figli minori, dove l\u2019incidenza arriva al 21,6%; e, pi\u00f9 in generale, per le coppie con tre o pi\u00f9 figli (18,0%). Anche per le famiglie di altra tipologia, dove spesso coabitano pi\u00f9 nuclei familiari e\/o membri aggregati, si osservano valori elevati (15,9%), cos\u00ec come per le famiglie monogenitoriali (12,5%). \u00a0L\u2019incidenza di povert\u00e0 assoluta tra le famiglie con persona di riferimento con almeno 65 anni assume i valori pi\u00f9 contenuti; il massimo si registra per le famiglie con un anziano (6,8%). In generale, si confermano valori contenuti dell\u2019incidenza all\u2019aumentare dell\u2019et\u00e0 della persona di riferimento ; infatti, le famiglie pi\u00f9 giovani hanno generalmente minori capacit\u00e0 di spesa poich\u00e9 dispongono di redditi mediamente pi\u00f9 bassi e di minori risparmi accumulati nel corso della vita o beni ereditati.\u00a0Nel 2023, si contano oltre 1,7 milioni di stranieri in povert\u00e0 assoluta, con un\u2019incidenza individuale pari al 35,1%, oltre quattro volte e mezzo superiore a quella degli italiani (7,4%). Per questi ultimi, rispetto al 2022, si registra una riduzione dei valori dell\u2019incidenza nel Mezzogiorno (10,7% dall\u201911,4% del 2022). Per le famiglie con almeno uno straniero l\u2019incidenza di povert\u00e0 assoluta \u00e8 pari al 30,4%; \u00e8 al 35,1% per quelle composte esclusivamente da stranieri (interessando oltre 568mila famiglie) ed \u00e8 il 6,3% per le famiglie di soli italiani.\u00a0&#8212;economiawebinfo@adnkronos.com (Web Info)<\/p>\n","protected":false},"excerpt":{"rendered":"<p>(Adnkronos) &#8211; Nel 2023 vivevano in condizione di povert\u00e0 assoluta poco pi\u00f9 di 2,2 milioni di famiglie (8,4% sul totale delle famiglie residenti, valore stabile rispetto al 2022) e quasi 5,7 milioni di individui,&#46;&#46;&#46;<\/p>\n","protected":false},"author":1,"featured_media":1240,"comment_status":"open","ping_status":"open","sticky":false,"template":"","format":"standard","meta":{"footnotes":""},"categories":[1],"tags":[2,3],"class_list":["post-1239","post","type-post","status-publish","format-standard","has-post-thumbnail","hentry","category-senza-categoria","tag-adnkronos","tag-ultimora"],"_links":{"self":[{"href":"https:\/\/laser.it\/index.php?rest_route=\/wp\/v2\/posts\/1239","targetHints":{"allow":["GET"]}}],"collection":[{"href":"https:\/\/laser.it\/index.php?rest_route=\/wp\/v2\/posts"}],"about":[{"href":"https:\/\/laser.it\/index.php?rest_route=\/wp\/v2\/types\/post"}],"author":[{"embeddable":true,"href":"https:\/\/laser.it\/index.php?rest_route=\/wp\/v2\/users\/1"}],"replies":[{"embeddable":true,"href":"https:\/\/laser.it\/index.php?rest_route=%2Fwp%2Fv2%2Fcomments&post=1239"}],"version-history":[{"count":1,"href":"https:\/\/laser.it\/index.php?rest_route=\/wp\/v2\/posts\/1239\/revisions"}],"predecessor-version":[{"id":1271,"href":"https:\/\/laser.it\/index.php?rest_route=\/wp\/v2\/posts\/1239\/revisions\/1271"}],"wp:featuredmedia":[{"embeddable":true,"href":"https:\/\/laser.it\/index.php?rest_route=\/wp\/v2\/media\/1240"}],"wp:attachment":[{"href":"https:\/\/laser.it\/index.php?rest_route=%2Fwp%2Fv2%2Fmedia&parent=1239"}],"wp:term":[{"taxonomy":"category","embeddable":true,"href":"https:\/\/laser.it\/index.php?rest_route=%2Fwp%2Fv2%2Fcategories&post=1239"},{"taxonomy":"post_tag","embeddable":true,"href":"https:\/\/laser.it\/index.php?rest_route=%2Fwp%2Fv2%2Ftags&post=1239"}],"curies":[{"name":"wp","href":"https:\/\/api.w.org\/{rel}","templated":true}]}}