{"id":1241,"date":"2024-10-17T10:31:05","date_gmt":"2024-10-17T10:31:05","guid":{"rendered":"https:\/\/laser.it\/?p=1241"},"modified":"2024-10-17T10:31:05","modified_gmt":"2024-10-17T10:31:05","slug":"boeri-la-piazza-racchiude-unintrinseca-liberta-che-va-protetta","status":"publish","type":"post","link":"https:\/\/laser.it\/?p=1241","title":{"rendered":"Boeri: &#8220;La piazza racchiude un\u2019intrinseca libert\u00e0 che va protetta&#8221;"},"content":{"rendered":"<p>(Adnkronos) &#8211; &quot;Abbiamo ragionato su come il calco fisico di una piazza sia il luogo in cui tutti i giorni si attiva la vita e l\u2019imprevedibilit\u00e0 ad essa collegata. La piazza \u00e8 un luogo pubblico, non ha codici prefissati per il comportamento dei singoli. In piazza si pu\u00f2 giocare a calcio, ma magari mezz\u2019ora dopo passa una processione religiosa, una manifestazione, accade un delitto. Non ci sono codici. Questa intrinseca libert\u00e0 di comportamenti va assolutamente protetta&quot;. L\u2019architetto Stefano Boeri racconta cos\u00ec il progetto \u201cPiazza Italiana\u201d, il cuore del padiglione Italia Ospite d\u2019Onore alla Buchmesse di Francoforte 2024. Lo fa durante il panel \u201cLa Grande Piazza dei Libri e delle Idee\u201d che oggi pomeriggio, all\u2019Arena del Padiglione Italia, ha visto anche la partecipazione di Giovanni Agosti, professore ordinario di Storia dell\u2019arte moderna all\u2019Universit\u00e0 degli Studi di Milano. \u00a0Il racconto di Boeri svela il percorso creativo che ha portato un\u2019idea germogliata da una chiacchierata con Riccardo Levi, commissario della buchmesse prima di Mazza, a diventare progetto concreto: \u201cLa &#039;Piazza Italiana&#039; della buchmesse \u00e8 nata all\u2019interno di un percorso ricco di spunti e riflessioni. Con il team Stefano Boeri Interiors abbiamo lavorato sugli elementi costitutivi della piazza occidentale: la colonna, il monumento centrale, lo spazio aperto e attorno una serie di presenze che nel caso delle piazze italiane sono le chiese, i vicoli, gli edifici e che in questa specifica piazza sono le stanze che ospitano gli elementi espositivi che raccontano la cultura dell\u2019editoria italiana\u201d, spiega.  \u00a0Una piazza che si ispira alle altre piazze italiane, luoghi in cui si deposita l\u2019immaginario: \u201cIn letteratura centinaia di autori nella piazza italiana hanno immaginato uno scenario creativo. Un luogo come la piazza, in cui c\u2019\u00e8 libert\u00e0 di comportamento, ci sembrava l\u2019ideale per accogliere una manifestazione come la Buchmesse\u201d.  \u00a0La \u2018Piazza italiana\u2019 di Boeri che ieri ha fatto da cornice all\u2019inaugurazione del padiglione Italia Ospite d\u2019Onore, oggi \u00e8 stata animata da un via vai di persone. Il chiacchiericcio \u00e8 costante, il ricco e variegato programma di panel stimola idee e riflessioni in un pubblico che a ogni incontro si mostra appassionato e coinvolto. Non \u00e8 mancata la musica: alcuni intermezzi musicali hanno allietato i presenti tra un panel e l\u2019altro. \u00c8 una piazza a tutti gli effetti: \u201cNel lavoro di Stefano c\u2019\u00e8 la caratterizzazione rispetto all\u2019occasione, un gesto di grande maturit\u00e0 architettonica e professionale. Il dialogo con l&#039;esperienza del teatro che interviene in questa piazza \u00e8 molto tecnico e la rende diversa dagli altri padiglioni anche attraverso l\u2019aspetto illuminotecnico. C\u2019\u00e8 una sapienza tecnica storica e filosofica insieme\u201d, ha commentato il professor Giovanni Agosti nel suo intervento.  \u00a0Durante il panel, il giornalista Luigi Mascheroni, che ha moderato l\u2019incontro, ha sollevato la questione dell\u2019overtourism. L\u2019architetto Boeri ha risposto cos\u00ec: \u201cCredo ci sia un tema quasi fisico di capienza quantitativa, di misurazione del peso delle folle. Il calco minerale che ci circonda\u201d, cio\u00e8 la piazza, \u201cva tutelato. Sono meno preoccupato dalle tipologie dei flussi che abitano le nostre piazze, i nostri centri storici o i nostri borghi. Alla fine vince il calco fisico che va protetto, ma alla lunga \u00e8 lui che decide\u201d, ha concluso.\u00a0&#8212;culturawebinfo@adnkronos.com (Web Info)<\/p>\n","protected":false},"excerpt":{"rendered":"<p>(Adnkronos) &#8211; &quot;Abbiamo ragionato su come il calco fisico di una piazza sia il luogo in cui tutti i giorni si attiva la vita e l\u2019imprevedibilit\u00e0 ad essa collegata. La piazza \u00e8 un luogo&#46;&#46;&#46;<\/p>\n","protected":false},"author":1,"featured_media":1242,"comment_status":"open","ping_status":"open","sticky":false,"template":"","format":"standard","meta":{"footnotes":""},"categories":[1],"tags":[2,3],"class_list":["post-1241","post","type-post","status-publish","format-standard","has-post-thumbnail","hentry","category-senza-categoria","tag-adnkronos","tag-ultimora"],"_links":{"self":[{"href":"https:\/\/laser.it\/index.php?rest_route=\/wp\/v2\/posts\/1241","targetHints":{"allow":["GET"]}}],"collection":[{"href":"https:\/\/laser.it\/index.php?rest_route=\/wp\/v2\/posts"}],"about":[{"href":"https:\/\/laser.it\/index.php?rest_route=\/wp\/v2\/types\/post"}],"author":[{"embeddable":true,"href":"https:\/\/laser.it\/index.php?rest_route=\/wp\/v2\/users\/1"}],"replies":[{"embeddable":true,"href":"https:\/\/laser.it\/index.php?rest_route=%2Fwp%2Fv2%2Fcomments&post=1241"}],"version-history":[{"count":1,"href":"https:\/\/laser.it\/index.php?rest_route=\/wp\/v2\/posts\/1241\/revisions"}],"predecessor-version":[{"id":1266,"href":"https:\/\/laser.it\/index.php?rest_route=\/wp\/v2\/posts\/1241\/revisions\/1266"}],"wp:featuredmedia":[{"embeddable":true,"href":"https:\/\/laser.it\/index.php?rest_route=\/wp\/v2\/media\/1242"}],"wp:attachment":[{"href":"https:\/\/laser.it\/index.php?rest_route=%2Fwp%2Fv2%2Fmedia&parent=1241"}],"wp:term":[{"taxonomy":"category","embeddable":true,"href":"https:\/\/laser.it\/index.php?rest_route=%2Fwp%2Fv2%2Fcategories&post=1241"},{"taxonomy":"post_tag","embeddable":true,"href":"https:\/\/laser.it\/index.php?rest_route=%2Fwp%2Fv2%2Ftags&post=1241"}],"curies":[{"name":"wp","href":"https:\/\/api.w.org\/{rel}","templated":true}]}}