{"id":12537,"date":"2024-12-03T14:44:00","date_gmt":"2024-12-03T14:44:00","guid":{"rendered":"https:\/\/laser.it\/?p=12537"},"modified":"2024-12-03T14:44:00","modified_gmt":"2024-12-03T14:44:00","slug":"giubileo-dalla-ripresa-del-covid-a-dengue-zika-e-malaria-lallarme-degli-esperti","status":"publish","type":"post","link":"https:\/\/laser.it\/?p=12537","title":{"rendered":"Giubileo, dalla ripresa del Covid a Dengue, Zika e malaria: l&#8217;allarme degli esperti"},"content":{"rendered":"<p>(Adnkronos) &#8211; Esperti in allarme per l&#039;apertura del Giubileo 2025 e l&#039;inevitabile entrata di virus veicolati dai milioni di pellegrini attesi a Roma per l&#039;Anno Santo. A far paura \u00e8 ancora il Covid 19 con varianti sconosciute, l&#039;influenza, il Mpox ma anche virus pi\u00f9 &#039;estivi&#039; veicolati dalle punture di zanzare come Dengue, Zika, Chikungunya, febbre gialla e malaria.\u00a0A 20 giorni dall&#039;apertura del Giubileo, &quot;dovremmo aver imparato qualcosa dalla lezione del Covid: la sorveglianza epidemiologica \u00e8 importantissima per la prevenzione. Arriveranno milioni di persone in Italia e soprattutto a Roma. Se ci ricordiamo l&#039;epidemia di Mers \u00e8 scoppiata proprio durante il pellegrinaggio a La Mecca in Arabia Saudita, ma penso anche a quello che \u00e8 accaduto ad Haiti con il colera. Movimenti di massa di persone possono essere la causa di epidemie di virus respiratorio&quot;. Cos\u00ec all&#039;Adnkronos Salute l&#039;epidemiolgo Massimo Ciccozzi, tra gli autori di un&#039;analisi sui rischi sanitari legati al Giubileo. &quot;Dobbiamo essere pronti e credo che in parte lo siamo, ma ancora qualcosa va fatta. Non ci devono essere sorprese per non trovarci con tantissimi contagi di virus respiratori, dal Covid all&#039;influenza, ma anche il virus respiratorio sinciziale. Visto che non c&#039;\u00e8 ancora il Piano pandemico 2024-2028 dovremo applicare il PanFlu, proviamo ad applicare questo&quot;. \u00a0Stesse preoccupazioni per Furio Colivicchi, vicepresidente Fism, la Federazione delle societ\u00e0 medico-scientifiche italiane. &quot;Con l&#039;apertura del Giubileo arriveranno in Italia 35 milioni di pellegrini da tutto il mondo in un anno. Sappiamo bene &#8211; dice all&#039;Adnkronos Salute &#8211; che quando si muovono grandi masse di persone il rischio di diffusione di infezioni \u00e8 sempre presente. Per questo motivo la sorveglianza sanitaria deve iniziare gi\u00e0 ai confini italiani. Troppe le incognite: non sappiamo, per esempio, per l&#039;aviaria e per il vaiolo delle scimmie&quot;, oggi Mpox, &quot;quale sia l&#039;effettiva diffusione in questo momento. E visto che milioni di persone arriveranno nel nostro Paese da zone dove aviaria e Mpox sono gi\u00e0 state segnalate e presenti, come Sud America e Nord America, occorre molta cautela. L&#039;allarme c&#039;\u00e8, noi medici siamo preoccupati perch\u00e9 parliamo di un tema di sanit\u00e0 pubblica che va affrontato con la massima sorveglianza&quot;. Cos\u00ec all&#039;Adnkronos Salute Furio Colivicchi, vicepresidente Fism, la Federazione delle societ\u00e0 medico-scientifiche italiane, a margine dell&#039;incontro &#039;Ripensare le cronicit\u00e0: l&#039;impatto dell&#039;innovazione per un Ssn sostenibile&#039;, promosso da The European House Ambrosetti a Roma. \u00a0&quot;Ricordo molto bene quello che \u00e8 successo con il Covid nel 2020: il primo paziente con il virus era un cittadino cinese in vacanza a Roma &#8211; sottolinea Colivicchi &#8211; Quindi il rischio \u00e8 concreto e richiede un&#039;attivit\u00e0 di sorveglianza da parte della sanit\u00e0 pubblica molto forte. Sicuramente &#8211; aggiunge Colivicchi &#8211; faremo tesoro di quello che \u00e8 gi\u00e0 successo. Oltre alla sorveglianza ai confini, sar\u00e0 attivato tutto il servizio sanitario che si occupa dell&#039;attivit\u00e0 negli aeroporti e in generale della sorveglianza dei flussi turistici dei viaggiatori. Poi c&#039;\u00e8 un altro aspetto: le strutture sanitarie di pronto soccorso e di primo soccorso dovranno essere allertate come fu fatto a suo tempo per la pandemia da Covid. Quindi dovranno essere dotate delle capacit\u00e0 diagnostiche per questi casi. Ci aspetta un momento difficile, la situazione \u00e8 critica\u201d.\u00a0E per quanto riguarda il Covid &quot;non sappiamo quali varianti entreranno in Italia attraverso milioni di pellegrini. Per evitare una ripresa del virus sicuramente occorrer\u00e0 tornare ad indossare le mascherine, soprattutto nel periodo pi\u00f9 freddo, cos\u00ec come lavare spesso le mani e vaccinare contro Covid, influenza e pneumococco i soggetti pi\u00f9 fragili, tra cui anziani, malati cronici, cardiopatici e con patologie respiratorie&quot;, avverte l&#039;esperto.\u00a0&quot;Occorre capire se bisogna riprendere una campagna vaccinale, almeno per il personale sanitario. Ci sono degli aspetti che meritano attenzione -sottolinea Colivicchi &#8211; ma credo che su questo la Fism, grazie all&#039;ottimo rapporto in questa fase con il ministero della Salute, si confronter\u00e0 per comprendere con chi ha poi la responsabilit\u00e0 di prendere queste decisioni, per capire quale sia la migliore strategia da seguire&quot;. Le precauzioni che &quot;possiamo suggerire, anche alla popolazione dei romani &#8211; raccomanda Colivicchi &#8211; sono le stesse che abbiamo messo in campo durante la pandemia: lavarsi bene e spesso le mani tutte le volte che si esce da casa e si entra in contatto con ambienti aperti e di libero passaggio. Indossare la mascherina in ambienti affollati, pensiamo solo anche alle chiese e a tutti quegli eventi religiosi che verranno celebrati e ai quali anche i romani parteciperanno come d&#039;abitudine nel corso del periodo giubilare&quot;.\u00a0A preoccupare di pi\u00f9 secondo Matteo Bassetti, direttore Malattie infettive dell&#039;ospedale policlinico San Martino di Genova sono per\u00f2 i virus veicolati dalle zanzare. &quot;Certamente il Giubileo pone dei rischi infettivologici importanti per diversi ordini di fattori. Non tanto per le infezioni respiratorie prettamente invernali, ma per le patologie tropicali trasmesse dalle zanzare in estate, ma non solo: Dengue, Zika, Chikungunya, febbre gialla e malaria. Patogeni che arrivano con i pellegrini residenti in zone endemiche, soprattutto il Sud America, e che sbarcheranno dagli aerei a Roma. Va quindi messo in piedi &#8211; dice all&#039;Adnkronos Salute &#8211; un sistema che pu\u00f2 gestire questi casi, vanno rafforzati i controlli e il monitoraggio. Il rischio per Roma \u00e8 quello che \u00e8 accaduto in estate a Fano, con un focolaio autoctono di Dengue. Il nostro Ssn e quello Lazio &#8211; si chiede Bassetti &#8211; sono in grado di far fronte a 30 mln di persone che arriveranno? Siamo attrezzati dal punto di vista dell&#039;assistenza sanitaria&quot;?\u00a0&#8212;cronacawebinfo@adnkronos.com (Web Info)<\/p>\n","protected":false},"excerpt":{"rendered":"<p>(Adnkronos) &#8211; Esperti in allarme per l&#039;apertura del Giubileo 2025 e l&#039;inevitabile entrata di virus veicolati dai milioni di pellegrini attesi a Roma per l&#039;Anno Santo. A far paura \u00e8 ancora il Covid 19&#46;&#46;&#46;<\/p>\n","protected":false},"author":1,"featured_media":12538,"comment_status":"open","ping_status":"open","sticky":false,"template":"","format":"standard","meta":{"footnotes":""},"categories":[1],"tags":[2,3],"class_list":["post-12537","post","type-post","status-publish","format-standard","has-post-thumbnail","hentry","category-senza-categoria","tag-adnkronos","tag-ultimora"],"_links":{"self":[{"href":"https:\/\/laser.it\/index.php?rest_route=\/wp\/v2\/posts\/12537","targetHints":{"allow":["GET"]}}],"collection":[{"href":"https:\/\/laser.it\/index.php?rest_route=\/wp\/v2\/posts"}],"about":[{"href":"https:\/\/laser.it\/index.php?rest_route=\/wp\/v2\/types\/post"}],"author":[{"embeddable":true,"href":"https:\/\/laser.it\/index.php?rest_route=\/wp\/v2\/users\/1"}],"replies":[{"embeddable":true,"href":"https:\/\/laser.it\/index.php?rest_route=%2Fwp%2Fv2%2Fcomments&post=12537"}],"version-history":[{"count":1,"href":"https:\/\/laser.it\/index.php?rest_route=\/wp\/v2\/posts\/12537\/revisions"}],"predecessor-version":[{"id":12562,"href":"https:\/\/laser.it\/index.php?rest_route=\/wp\/v2\/posts\/12537\/revisions\/12562"}],"wp:featuredmedia":[{"embeddable":true,"href":"https:\/\/laser.it\/index.php?rest_route=\/wp\/v2\/media\/12538"}],"wp:attachment":[{"href":"https:\/\/laser.it\/index.php?rest_route=%2Fwp%2Fv2%2Fmedia&parent=12537"}],"wp:term":[{"taxonomy":"category","embeddable":true,"href":"https:\/\/laser.it\/index.php?rest_route=%2Fwp%2Fv2%2Fcategories&post=12537"},{"taxonomy":"post_tag","embeddable":true,"href":"https:\/\/laser.it\/index.php?rest_route=%2Fwp%2Fv2%2Ftags&post=12537"}],"curies":[{"name":"wp","href":"https:\/\/api.w.org\/{rel}","templated":true}]}}