{"id":12765,"date":"2024-12-04T11:34:31","date_gmt":"2024-12-04T11:34:31","guid":{"rendered":"https:\/\/laser.it\/?p=12765"},"modified":"2024-12-04T11:34:31","modified_gmt":"2024-12-04T11:34:31","slug":"f1-titolo-costruttori-si-decide-allultima-gara-i-precedenti-ferrari-mclaren","status":"publish","type":"post","link":"https:\/\/laser.it\/?p=12765","title":{"rendered":"F1, titolo Costruttori si decide all&#8217;ultima gara: i precedenti Ferrari-McLaren"},"content":{"rendered":"<p>(Adnkronos) &#8211; Il mondiale Costruttori si decider\u00e0 all&#039;ultima gara. La Formula 1, per l&#039;ultimo Gran Premio della stagione, fa tappa ad Abu Dhabi con McLaren e Ferrari separate da soli 21 punti, con il vantaggio inglese che si \u00e8 assottigliato dopo il Gran Premio del Qatar, vinto da Verstappen, e dove Charles Leclerc \u00e8 riuscito a conquistare il secondo posto proprio davanti alla McLaren di Oscar Piastri. Sesto Carlo Sainz, mentre Lando Norris ha chiuso in decima posizione.\u00a0 Domenica 8 dicembre si decider\u00e0 quindi chi potr\u00e0 festeggiare il titolo, ma non \u00e8 la prima volta che il mondiale Costruttori viene deciso, tra McLaren e Ferrari, all&#039;ultima curva della stagione.\u00a0\u00a0<br \/>\nI precedenti tra le due scuderie sono sette, con la Ferrari in vantaggio con quattro trionfi contro i tre degli inglesi. La prima sfida decisa all&#039;ultimo Gp risale al 1974, con la McLaren che ne usc\u00ec vittoriosa e festeggi\u00f2 anche il mondiale Piloti con Emerson Fittipaldi. Otto anni dopo, nel 1982, fu la Rossa invece a festeggiare, mentre gli inglesi uscirono vincitori nel 1985, celebrando un&#039;altra doppietta grazie al titolo Piloti di Alain Prost.\u00a0Oltre dieci anni dopo un altro duello Ferrari-McLaren infiamm\u00f2 la Formula 1. Nel 1998 Mika Hakkinen port\u00f2 a Woking il titolo Piloti, e l&#039;ultima gara a Suzuka regal\u00f2 quello costruttori agli inglesi. La rivincita della Rossa arriv\u00f2 la stagione seguente e il bis in quella successiva. Nel 2000 Michael Schumacher consegn\u00f2 a Maranello sia il mondiale Piloti, che mancava da 21 anni, sia quello Costruttori. L&#039;ultimo scontro per il titolo tra Ferrari e McLaren risale al 2008, con il trionfo del Cavallino che \u00e8 anche il suo ultimo successo nel Costruttori.\u00a0&#8212;sportwebinfo@adnkronos.com (Web Info)<\/p>\n","protected":false},"excerpt":{"rendered":"<p>(Adnkronos) &#8211; Il mondiale Costruttori si decider\u00e0 all&#039;ultima gara. La Formula 1, per l&#039;ultimo Gran Premio della stagione, fa tappa ad Abu Dhabi con McLaren e Ferrari separate da soli 21 punti, con il&#46;&#46;&#46;<\/p>\n","protected":false},"author":1,"featured_media":12766,"comment_status":"open","ping_status":"open","sticky":false,"template":"","format":"standard","meta":{"footnotes":""},"categories":[1],"tags":[2,3],"class_list":["post-12765","post","type-post","status-publish","format-standard","has-post-thumbnail","hentry","category-senza-categoria","tag-adnkronos","tag-ultimora"],"_links":{"self":[{"href":"https:\/\/laser.it\/index.php?rest_route=\/wp\/v2\/posts\/12765","targetHints":{"allow":["GET"]}}],"collection":[{"href":"https:\/\/laser.it\/index.php?rest_route=\/wp\/v2\/posts"}],"about":[{"href":"https:\/\/laser.it\/index.php?rest_route=\/wp\/v2\/types\/post"}],"author":[{"embeddable":true,"href":"https:\/\/laser.it\/index.php?rest_route=\/wp\/v2\/users\/1"}],"replies":[{"embeddable":true,"href":"https:\/\/laser.it\/index.php?rest_route=%2Fwp%2Fv2%2Fcomments&post=12765"}],"version-history":[{"count":1,"href":"https:\/\/laser.it\/index.php?rest_route=\/wp\/v2\/posts\/12765\/revisions"}],"predecessor-version":[{"id":12781,"href":"https:\/\/laser.it\/index.php?rest_route=\/wp\/v2\/posts\/12765\/revisions\/12781"}],"wp:featuredmedia":[{"embeddable":true,"href":"https:\/\/laser.it\/index.php?rest_route=\/wp\/v2\/media\/12766"}],"wp:attachment":[{"href":"https:\/\/laser.it\/index.php?rest_route=%2Fwp%2Fv2%2Fmedia&parent=12765"}],"wp:term":[{"taxonomy":"category","embeddable":true,"href":"https:\/\/laser.it\/index.php?rest_route=%2Fwp%2Fv2%2Fcategories&post=12765"},{"taxonomy":"post_tag","embeddable":true,"href":"https:\/\/laser.it\/index.php?rest_route=%2Fwp%2Fv2%2Ftags&post=12765"}],"curies":[{"name":"wp","href":"https:\/\/api.w.org\/{rel}","templated":true}]}}