{"id":13287,"date":"2024-12-05T21:21:00","date_gmt":"2024-12-05T21:21:00","guid":{"rendered":"https:\/\/laser.it\/?p=13287"},"modified":"2024-12-05T21:21:00","modified_gmt":"2024-12-05T21:21:00","slug":"omicidio-senago-impagnatiello-giulia-mi-manchi-ti-parlo-tutte-le-sere","status":"publish","type":"post","link":"https:\/\/laser.it\/?p=13287","title":{"rendered":"Omicidio Senago, Impagnatiello: &#8220;Giulia mi manchi, ti parlo tutte le sere&#8221;"},"content":{"rendered":"<p>(Adnkronos) &#8211; &quot;Ogni istante della mia esistenza \u00e8 dedicato a lei. E cos\u00ec anche ora le prime parole sono esclusivamente per te Giuliet, per la meravigliosa ragazza che eri, che sei e sarai. Perch\u00e9 dentro me non cesserai mai di splendere&quot;. Inizia cos\u00ec la lettera che Alessandro Impagnatiello, condannato all&#039;ergastolo per l&#039;omicidio della compagna Giulia Tramontano e del figlio che portava in grembo, invia dal carcere a Giuseppe Cruciani che l&#039;ha letta durante la trasmissione La Zanzara, in onda su Radio24.\u00a0&quot;Per quanto inutili ed imbarazzanti siano, ti porgo nuovamente le mie scuse, a te, alla tua meravigliosa famiglia ed a tutte le persone toccate da questo inspiegabile e folle male. Mi manchi. So che ci sarebbero tante altre cose da dire, ma io e te ce le diciamo tutte le sere, tu gi\u00e0 sai&quot;, scrive l&#039;ex barman che critica un processo mediatico che trasforma un omicidio &quot;in un crudo teatro per la sola soddisfazione del pubblico da casa&quot; e che fa vittime collaterali: &quot;La mia famiglia si \u00e8 trovata a dover scappare di casa perch\u00e9 pedinata giorno e notte dai giornalisti. Vorrei tanto essere l\u2019ultimo caso mediatico, ma a quanto pare siete pi\u00f9 interessati al guadagno. Questa \u00e8 la &#039;banalit\u00e0 dei media&#039;&quot;, aggiunge. \u00a0&quot;Tutto questo non mi distaccher\u00e0 mai dal pensiero principale e costante che ho per te Giuliet, dal vuoto che ho lasciato e dall&#039;abisso in cui nuoto. Nuovamente ed eternamente ti chiedo scusa&quot;, conclude Alessandro Impagnatiello. \u00a0&#8212;cronacawebinfo@adnkronos.com (Web Info)<\/p>\n","protected":false},"excerpt":{"rendered":"<p>(Adnkronos) &#8211; &quot;Ogni istante della mia esistenza \u00e8 dedicato a lei. E cos\u00ec anche ora le prime parole sono esclusivamente per te Giuliet, per la meravigliosa ragazza che eri, che sei e sarai. Perch\u00e9&#46;&#46;&#46;<\/p>\n","protected":false},"author":1,"featured_media":13288,"comment_status":"open","ping_status":"open","sticky":false,"template":"","format":"standard","meta":{"footnotes":""},"categories":[1],"tags":[2,3],"class_list":["post-13287","post","type-post","status-publish","format-standard","has-post-thumbnail","hentry","category-senza-categoria","tag-adnkronos","tag-ultimora"],"_links":{"self":[{"href":"https:\/\/laser.it\/index.php?rest_route=\/wp\/v2\/posts\/13287","targetHints":{"allow":["GET"]}}],"collection":[{"href":"https:\/\/laser.it\/index.php?rest_route=\/wp\/v2\/posts"}],"about":[{"href":"https:\/\/laser.it\/index.php?rest_route=\/wp\/v2\/types\/post"}],"author":[{"embeddable":true,"href":"https:\/\/laser.it\/index.php?rest_route=\/wp\/v2\/users\/1"}],"replies":[{"embeddable":true,"href":"https:\/\/laser.it\/index.php?rest_route=%2Fwp%2Fv2%2Fcomments&post=13287"}],"version-history":[{"count":1,"href":"https:\/\/laser.it\/index.php?rest_route=\/wp\/v2\/posts\/13287\/revisions"}],"predecessor-version":[{"id":13292,"href":"https:\/\/laser.it\/index.php?rest_route=\/wp\/v2\/posts\/13287\/revisions\/13292"}],"wp:featuredmedia":[{"embeddable":true,"href":"https:\/\/laser.it\/index.php?rest_route=\/wp\/v2\/media\/13288"}],"wp:attachment":[{"href":"https:\/\/laser.it\/index.php?rest_route=%2Fwp%2Fv2%2Fmedia&parent=13287"}],"wp:term":[{"taxonomy":"category","embeddable":true,"href":"https:\/\/laser.it\/index.php?rest_route=%2Fwp%2Fv2%2Fcategories&post=13287"},{"taxonomy":"post_tag","embeddable":true,"href":"https:\/\/laser.it\/index.php?rest_route=%2Fwp%2Fv2%2Ftags&post=13287"}],"curies":[{"name":"wp","href":"https:\/\/api.w.org\/{rel}","templated":true}]}}