{"id":14021,"date":"2024-12-09T16:08:00","date_gmt":"2024-12-09T16:08:00","guid":{"rendered":"https:\/\/laser.it\/?p=14021"},"modified":"2024-12-09T16:08:00","modified_gmt":"2024-12-09T16:08:00","slug":"chiusa-indagine-su-meta-evasi-oltre-887-milioni-indagati-rappresentanti-legali","status":"publish","type":"post","link":"https:\/\/laser.it\/?p=14021","title":{"rendered":"Chiusa indagine su Meta: evasi oltre 887 milioni, indagati rappresentanti legali"},"content":{"rendered":"<p>(Adnkronos) &#8211; La procura di Milano ha notificato l&#039;avviso di conclusione delle indagini preliminari nei confronti dei rappresentanti legali della societ\u00e0 di diritto irlandese Meta Platforms Ireland limited, titolare dei social network Facebook e Instagram, oggetto di indagini delegate ai militari del Nucleo di polizia economico-finanziaria della Guardia di finanza di Milano. \u00a0Attraverso le attivit\u00e0 investigative svolte \u00e8 stato verificato come il gruppo Meta, per consentire agli utenti l&#039;utilizzo del proprio software e dei correlati servizi digitali, &quot;acquisisca e gestisca, per scopi commerciali, dati, informazioni personali e interazioni sulle piattaforme di ciascun iscritto, cos\u00ec da instaurare con i fruitori del servizio &#8211; in virt\u00f9 della connessione diretta in termini di proporzionalit\u00e0 quantitativa e qualitativa tra le contrapposte prestazioni &#8211; un rapporto di natura sinallagmatica,  quale operazione permutativa&quot;. Le indagini &#8211; dei pm Giovanni Polizzi e Cristian Barilli &#8211; hanno permesso di evidenziare gli elementi di fatto e di diritto idonei a supportare la configurazione, in capo ai rappresentanti legali della societ\u00e0 Meta Platforms Ireland limited, soggetto erogatore del servizio e titolare del trattamento dei dati conferiti dall&#039;utente, del reato di omessa dichiarazione per i periodi d&#039;imposta dal 2015 al 2021, &quot;in quanto avrebbe omesso di dichiarare un imponibile pari a 3.989.197.744,05 euro, cui corrisponde un&#039;imposta sul valore aggiunto evasa pari a 887.623.503,69 euro&quot; emerge in una nota della procura. \u00a0La natura non gratuita dei servizi offerti da Meta era gi\u00e0 stata affermata dall&#039;Autorit\u00e0 Garante della Concorrenza e del Mercato (Agcm), dal Tar Lazio e dal Consiglio di Stato &#8211; &quot;oltre che da autorevole dottrina &#8211; e ha trovato riscontro nelle attivit\u00e0 ispettive della Guardia di finanza, negli atti dell&#039;Agenzia delle Entrate e infine nelle risultanze dell&#039;indagine penale, dimostrando la sostanziale convergenza sul punto da parte delle diverse articolazioni dello Stato e l&#039;efficace collaborazione tra Autorit\u00e0 giudiziaria, Guardia di finanza e Agenzia delle Entrate nell&#039;assicurare il rispetto delle leggi fiscali poste a tutela del bilancio pubblico&quot;. \u00a0&#8212;cronacawebinfo@adnkronos.com (Web Info)<\/p>\n","protected":false},"excerpt":{"rendered":"<p>(Adnkronos) &#8211; La procura di Milano ha notificato l&#039;avviso di conclusione delle indagini preliminari nei confronti dei rappresentanti legali della societ\u00e0 di diritto irlandese Meta Platforms Ireland limited, titolare dei social network Facebook e&#46;&#46;&#46;<\/p>\n","protected":false},"author":1,"featured_media":14022,"comment_status":"open","ping_status":"open","sticky":false,"template":"","format":"standard","meta":{"footnotes":""},"categories":[1],"tags":[2,3],"class_list":["post-14021","post","type-post","status-publish","format-standard","has-post-thumbnail","hentry","category-senza-categoria","tag-adnkronos","tag-ultimora"],"_links":{"self":[{"href":"https:\/\/laser.it\/index.php?rest_route=\/wp\/v2\/posts\/14021","targetHints":{"allow":["GET"]}}],"collection":[{"href":"https:\/\/laser.it\/index.php?rest_route=\/wp\/v2\/posts"}],"about":[{"href":"https:\/\/laser.it\/index.php?rest_route=\/wp\/v2\/types\/post"}],"author":[{"embeddable":true,"href":"https:\/\/laser.it\/index.php?rest_route=\/wp\/v2\/users\/1"}],"replies":[{"embeddable":true,"href":"https:\/\/laser.it\/index.php?rest_route=%2Fwp%2Fv2%2Fcomments&post=14021"}],"version-history":[{"count":1,"href":"https:\/\/laser.it\/index.php?rest_route=\/wp\/v2\/posts\/14021\/revisions"}],"predecessor-version":[{"id":14036,"href":"https:\/\/laser.it\/index.php?rest_route=\/wp\/v2\/posts\/14021\/revisions\/14036"}],"wp:featuredmedia":[{"embeddable":true,"href":"https:\/\/laser.it\/index.php?rest_route=\/wp\/v2\/media\/14022"}],"wp:attachment":[{"href":"https:\/\/laser.it\/index.php?rest_route=%2Fwp%2Fv2%2Fmedia&parent=14021"}],"wp:term":[{"taxonomy":"category","embeddable":true,"href":"https:\/\/laser.it\/index.php?rest_route=%2Fwp%2Fv2%2Fcategories&post=14021"},{"taxonomy":"post_tag","embeddable":true,"href":"https:\/\/laser.it\/index.php?rest_route=%2Fwp%2Fv2%2Ftags&post=14021"}],"curies":[{"name":"wp","href":"https:\/\/api.w.org\/{rel}","templated":true}]}}