{"id":14041,"date":"2024-12-09T17:33:50","date_gmt":"2024-12-09T17:33:50","guid":{"rendered":"https:\/\/laser.it\/?p=14041"},"modified":"2024-12-09T17:33:50","modified_gmt":"2024-12-09T17:33:50","slug":"m5s-altola-di-conte-a-grillo-chi-si-azzarda-a-intralciarci-trovera-una-barriera-solida","status":"publish","type":"post","link":"https:\/\/laser.it\/?p=14041","title":{"rendered":"M5S, altol\u00e0 di Conte a Grillo: &#8220;Chi si azzarda a intralciarci trover\u00e0 una barriera solida&#8221;"},"content":{"rendered":"<p>(Adnkronos) &#8211; &quot;Chi si azzarder\u00e0 a intralciare l&#039;azione politica&quot; del Movimento 5 stelle &quot;trover\u00e0 una barriera solida. Questa comunit\u00e0 ha tanti avversari esterni, non pu\u00f2 prestare il fianco anche a quelli interni&quot;. E&#039; l&#039;altol\u00e0 lanciato oggi, 9 dicembre, da Giuseppe Conte in una diretta su Facebook ragionando su possibili azioni legali che potrebbero arrivare da Beppe Grillo.\u00a0&quot;Non \u00e8 pi\u00f9 l&#039;epoca delle cacciate e delle espulsioni con un Ps, delle decisioni padronali con una sfilza di espulsioni a tappeto &#8211; tuona l&#039;ex premier -. Questa \u00e8 una casa democratica per tutti, dove tutti possano sentirsi a proprio agio per dare un contributo&quot;.\u00a0Quanto al rischio di una scissione del Movimento dopo la fuoriuscita del fondatore, Conte \u00e8 netto: &quot;Non vedo le ragioni politiche che possano motivare una scissione&quot;.\u00a0E sulla deroga alla tetto del doppio mandato per i parlamentari chiarisce: &quot;La comunit\u00e0 ha scelto per la revisione della regola del doppio mandato, che era stata gi\u00e0 rivista prima del mio arrivo, con il mandato zero. Davanti a questa indicazione c\u2019\u00e8 necessit\u00e0 di voler competere ad armi pari con le altre forze politiche. Non introdurremmo il carrierismo. Sarete voi iscritti a scegliere&quot;. \u00a0Poi si richiama alla questione morale del leader del Pci Enrico Berlinguer: &quot;Non scimmiotteremo mai gli altri partiti. Non saremo mai come gli altri partiti. Non risolveremo mai la nostra questione territoriale accogliendo i signori delle tessere, che spostano voti da una lista all&#039;altra. Noi non saremo mai quella roba l\u00ec &#8211; assicura quindi Conte -. Porteremo avanti l&#039;etica pubblica, contrastando questo sistema dei signori delle tessere e contrastando la degenerazione partitica, quella di cui parlava Berlinguer&quot;. \u00a0E torna a puntare il dito contro Beppe Grillo: &quot;Sarebbe stato bello avere un Grillo partecipe e pienamente coinvolto nel Movimento 5 stelle ma purtroppo si \u00e8 messo ai margini. Sarebbe stato bello averlo e avere la sua verve comunicativa. Purtroppo anzich\u00e9 averlo al nostro fianco lo abbiamo avuto a scambiar telefonate con Draghi&quot;. \u00a0\u00a0&#8212;politicawebinfo@adnkronos.com (Web Info)<\/p>\n","protected":false},"excerpt":{"rendered":"<p>(Adnkronos) &#8211; &quot;Chi si azzarder\u00e0 a intralciare l&#039;azione politica&quot; del Movimento 5 stelle &quot;trover\u00e0 una barriera solida. Questa comunit\u00e0 ha tanti avversari esterni, non pu\u00f2 prestare il fianco anche a quelli interni&quot;. E&#039; l&#039;altol\u00e0&#46;&#46;&#46;<\/p>\n","protected":false},"author":1,"featured_media":14042,"comment_status":"open","ping_status":"open","sticky":false,"template":"","format":"standard","meta":{"footnotes":""},"categories":[1],"tags":[2,3],"class_list":["post-14041","post","type-post","status-publish","format-standard","has-post-thumbnail","hentry","category-senza-categoria","tag-adnkronos","tag-ultimora"],"_links":{"self":[{"href":"https:\/\/laser.it\/index.php?rest_route=\/wp\/v2\/posts\/14041","targetHints":{"allow":["GET"]}}],"collection":[{"href":"https:\/\/laser.it\/index.php?rest_route=\/wp\/v2\/posts"}],"about":[{"href":"https:\/\/laser.it\/index.php?rest_route=\/wp\/v2\/types\/post"}],"author":[{"embeddable":true,"href":"https:\/\/laser.it\/index.php?rest_route=\/wp\/v2\/users\/1"}],"replies":[{"embeddable":true,"href":"https:\/\/laser.it\/index.php?rest_route=%2Fwp%2Fv2%2Fcomments&post=14041"}],"version-history":[{"count":1,"href":"https:\/\/laser.it\/index.php?rest_route=\/wp\/v2\/posts\/14041\/revisions"}],"predecessor-version":[{"id":14057,"href":"https:\/\/laser.it\/index.php?rest_route=\/wp\/v2\/posts\/14041\/revisions\/14057"}],"wp:featuredmedia":[{"embeddable":true,"href":"https:\/\/laser.it\/index.php?rest_route=\/wp\/v2\/media\/14042"}],"wp:attachment":[{"href":"https:\/\/laser.it\/index.php?rest_route=%2Fwp%2Fv2%2Fmedia&parent=14041"}],"wp:term":[{"taxonomy":"category","embeddable":true,"href":"https:\/\/laser.it\/index.php?rest_route=%2Fwp%2Fv2%2Fcategories&post=14041"},{"taxonomy":"post_tag","embeddable":true,"href":"https:\/\/laser.it\/index.php?rest_route=%2Fwp%2Fv2%2Ftags&post=14041"}],"curies":[{"name":"wp","href":"https:\/\/api.w.org\/{rel}","templated":true}]}}