{"id":15093,"date":"2024-12-13T08:57:00","date_gmt":"2024-12-13T08:57:00","guid":{"rendered":"https:\/\/laser.it\/?p=15093"},"modified":"2024-12-13T08:57:00","modified_gmt":"2024-12-13T08:57:00","slug":"venerdi-13-dicembre-con-il-maltempo-ma-la-prossima-settimana-arriva-lanticiclone","status":"publish","type":"post","link":"https:\/\/laser.it\/?p=15093","title":{"rendered":"Venerd\u00ec 13 dicembre con il maltempo, ma la prossima settimana arriva l&#8217;anticiclone"},"content":{"rendered":"<p>(Adnkronos) &#8211; Maltempo oggi sull&#039;Italia con piogge e temporali a causa dell&#039;arrivo di un\u2019intensa perturbazione in questo venerd\u00ec 13 dicembre e aumenta la parascevedecatriafobia: la paura del venerd\u00ec 13. Il nome deriva da parasceve (dal greco paraskeu\u1e17 \u2018preparazione\u2019, negli usi preparazione al sabato, quindi venerd\u00ec) + decatriafobia paura del numero 13.\u00a0Antonio San\u00f2, fondatore del sito www.iLMeteo.it, conferma che questa fobia \u00e8 talmente comune da influenzare la vita di tutti i giorni di milioni di persone: sembra infatti che si esca meno di casa, con conseguenze sulla vendita di servizi e sulle abitudini quotidiane. La parascevedecatriafobia condizioner\u00e0 dunque questo venerd\u00ec 13 perturbato, specie al Centro-Sud.\u00a0Nelle prossime ore le precipitazioni interesseranno soprattutto il Mar Tirreno, anche con locali temporali di calore fuori stagione, ma poi bagneranno gi\u00e0 in mattinata il lungo settore che corre dalla Liguria alla Campania; nel corso del pomeriggio i fenomeni scavalcheranno l&#039;Appennino raggiungendo anche Marche, Abruzzo, Molise e nord Puglia. La giornata sar\u00e0 nuvolosa e grigia quasi ovunque salvo al Nord e in particolare sulle Alpi.\u00a0Il 13 dicembre si festeggia anche Santa Lucia, con l\u2019errato proverbio \u2018Santa Lucia il giorno pi\u00f9 corto che ci sia\u2019: la realt\u00e0 astronomica ci conferma infatti ogni anno che il giorno pi\u00f9 corto (con meno ore di luce) \u00e8 il Solstizio d\u2019Inverno, sabato 21 dicembre nel 2024; ci\u00f2 nonostante, avremo un po\u2019 pi\u00f9 di luce da domani nei nostri pomeriggi. Il tramonto pi\u00f9 precoce cadr\u00e0 infatti oggi, da domani il sole caler\u00e0 sempre un po\u2019 pi\u00f9 tardi. \u00a0Il weekend sar\u00e0 poi all\u2019insegna di una medaglia a due facce: il sabato sar\u00e0 ancora un po\u2019 perturbato, la domenica risulter\u00e0 in prevalenza soleggiata. E\u2019 confermato, infatti, che la \u2018perturbazione della parascevedecatriafobia\u2019 sar\u00e0 rapida e porter\u00e0 fenomeni diffusi solo fino al pomeriggio di sabato 14; in seguito troveremo residui addensamenti sul versante tirrenico in spostamento la domenica verso il Sud dove si fermeranno un po\u2019 pi\u00f9 a lungo.\u00a0La prossima settimana, infine, vedr\u00e0 l\u2019espansione dell\u2019Anticiclone delle Azzorre verso l\u2019Italia con condizioni stabili, asciutte e pi\u00f9 soleggiate ovunque. Le temperature saliranno in modo deciso in montagna, vedremo anche il cielo azzurro e un sole presente pi\u00f9 al lungo nel pomeriggio (il sole tramonter\u00e0 pi\u00f9 tardi): tutte buone notizie per scacciare i fantasmi della giornata di oggi, della parascevedecatriafobia di questo venerd\u00ec 13 grigio e perturbato.\u00a0Venerd\u00ec 13. Al Nord: nubi, piovaschi e nebbie. Al Centro: peggiora diffusamente sulle regioni peninsulari. Al Sud: piogge forti in arrivo specie sulla Campania. \u00a0Sabato 14. Al Nord: molte nubi. Al Centro: piogge sparse sulle Tirreniche. Al Sud: piogge e rovesci.\u00a0Domenica 15. Al Nord: soleggiato. Al Centro: piovaschi in Molise. Al Sud: instabile su Gargano e basso Tirreno.\u00a0Tendenza: prossima settimana con l\u2019Anticiclone delle Azzorre.\u00a0&#8212;cronacawebinfo@adnkronos.com (Web Info)<\/p>\n","protected":false},"excerpt":{"rendered":"<p>(Adnkronos) &#8211; Maltempo oggi sull&#039;Italia con piogge e temporali a causa dell&#039;arrivo di un\u2019intensa perturbazione in questo venerd\u00ec 13 dicembre e aumenta la parascevedecatriafobia: la paura del venerd\u00ec 13. Il nome deriva da parasceve&#46;&#46;&#46;<\/p>\n","protected":false},"author":1,"featured_media":15094,"comment_status":"open","ping_status":"open","sticky":false,"template":"","format":"standard","meta":{"footnotes":""},"categories":[1],"tags":[2,3],"class_list":["post-15093","post","type-post","status-publish","format-standard","has-post-thumbnail","hentry","category-senza-categoria","tag-adnkronos","tag-ultimora"],"_links":{"self":[{"href":"https:\/\/laser.it\/index.php?rest_route=\/wp\/v2\/posts\/15093","targetHints":{"allow":["GET"]}}],"collection":[{"href":"https:\/\/laser.it\/index.php?rest_route=\/wp\/v2\/posts"}],"about":[{"href":"https:\/\/laser.it\/index.php?rest_route=\/wp\/v2\/types\/post"}],"author":[{"embeddable":true,"href":"https:\/\/laser.it\/index.php?rest_route=\/wp\/v2\/users\/1"}],"replies":[{"embeddable":true,"href":"https:\/\/laser.it\/index.php?rest_route=%2Fwp%2Fv2%2Fcomments&post=15093"}],"version-history":[{"count":1,"href":"https:\/\/laser.it\/index.php?rest_route=\/wp\/v2\/posts\/15093\/revisions"}],"predecessor-version":[{"id":15097,"href":"https:\/\/laser.it\/index.php?rest_route=\/wp\/v2\/posts\/15093\/revisions\/15097"}],"wp:featuredmedia":[{"embeddable":true,"href":"https:\/\/laser.it\/index.php?rest_route=\/wp\/v2\/media\/15094"}],"wp:attachment":[{"href":"https:\/\/laser.it\/index.php?rest_route=%2Fwp%2Fv2%2Fmedia&parent=15093"}],"wp:term":[{"taxonomy":"category","embeddable":true,"href":"https:\/\/laser.it\/index.php?rest_route=%2Fwp%2Fv2%2Fcategories&post=15093"},{"taxonomy":"post_tag","embeddable":true,"href":"https:\/\/laser.it\/index.php?rest_route=%2Fwp%2Fv2%2Ftags&post=15093"}],"curies":[{"name":"wp","href":"https:\/\/api.w.org\/{rel}","templated":true}]}}