{"id":15201,"date":"2024-12-13T14:33:54","date_gmt":"2024-12-13T14:33:54","guid":{"rendered":"https:\/\/laser.it\/?p=15201"},"modified":"2024-12-13T14:33:54","modified_gmt":"2024-12-13T14:33:54","slug":"bertolucci-pietrangeli-certo-che-lo-dimetteranno-presto-binaghi-e-il-nostro-padre-sportivo","status":"publish","type":"post","link":"https:\/\/laser.it\/?p=15201","title":{"rendered":"Bertolucci: &#8220;Pietrangeli? Certo che lo dimetteranno presto&#8221;. Binaghi: &#8220;\u00c8 il nostro padre sportivo&#8221;"},"content":{"rendered":"<p>(Adnkronos) &#8211; Dopo la paura iniziale, Nicola Pietrangeli adesso sta meglio. In seguito a una caduta, l&#039;ex tennista \u00e8 stato ricoverato presso la UOC di Ortopedia e Traumatologia del Policlinico Gemelli. Il campione azzurro ha riportato una frattura all\u2019anca destra ed \u00e8 stato sottoposto a un intervento chirurgico di riduzione e sintesi. Per lui sono subito arrivati tanti messaggi di vicinanza, a cominciare dal mondo del tennis. \u00a0Tra questi, quelli di un altro ex campione come Paolo Bertolucci: &quot;Nicola \u00e8 caduto? Mi dispiace &#8211; ha detto all&#039;Adnkronos &#8211; sono cose che capitano con gli anni, anche se lui fisicamente \u00e8 sempre stato pi\u00f9 giovane dell&#039;et\u00e0 che aveva in realt\u00e0. Gli auguro che tutto passi il pi\u00f9 rapidamente possibile. Sta scherzando con i medici? Non esito a figurarmelo&#8230; e sono sicuro che lo dimetteranno presto anche per questo&quot;. All\u2019Adnkronos ha parlato anche il presidente della Federtennis Angelo Binaghi: &quot;Ho un rapporto con Nicola Pietrangeli tale per cui gli auguri e anche tutte le attenzioni prima ancora degli auguri le faccio direttamente a lui e alla sua famiglia. Nicola \u00e8 stato ed \u00e8 il nostro padre sportivo. Seguo la situazione ora per ora. Inizialmente con apprensione, per\u00f2 adesso mi sembra che le notizie siano positive&quot;.\u00a0&#8212;sportwebinfo@adnkronos.com (Web Info)<\/p>\n","protected":false},"excerpt":{"rendered":"<p>(Adnkronos) &#8211; Dopo la paura iniziale, Nicola Pietrangeli adesso sta meglio. In seguito a una caduta, l&#039;ex tennista \u00e8 stato ricoverato presso la UOC di Ortopedia e Traumatologia del Policlinico Gemelli. Il campione azzurro&#46;&#46;&#46;<\/p>\n","protected":false},"author":1,"featured_media":15202,"comment_status":"open","ping_status":"open","sticky":false,"template":"","format":"standard","meta":{"footnotes":""},"categories":[1],"tags":[2,3],"class_list":["post-15201","post","type-post","status-publish","format-standard","has-post-thumbnail","hentry","category-senza-categoria","tag-adnkronos","tag-ultimora"],"_links":{"self":[{"href":"https:\/\/laser.it\/index.php?rest_route=\/wp\/v2\/posts\/15201","targetHints":{"allow":["GET"]}}],"collection":[{"href":"https:\/\/laser.it\/index.php?rest_route=\/wp\/v2\/posts"}],"about":[{"href":"https:\/\/laser.it\/index.php?rest_route=\/wp\/v2\/types\/post"}],"author":[{"embeddable":true,"href":"https:\/\/laser.it\/index.php?rest_route=\/wp\/v2\/users\/1"}],"replies":[{"embeddable":true,"href":"https:\/\/laser.it\/index.php?rest_route=%2Fwp%2Fv2%2Fcomments&post=15201"}],"version-history":[{"count":1,"href":"https:\/\/laser.it\/index.php?rest_route=\/wp\/v2\/posts\/15201\/revisions"}],"predecessor-version":[{"id":15208,"href":"https:\/\/laser.it\/index.php?rest_route=\/wp\/v2\/posts\/15201\/revisions\/15208"}],"wp:featuredmedia":[{"embeddable":true,"href":"https:\/\/laser.it\/index.php?rest_route=\/wp\/v2\/media\/15202"}],"wp:attachment":[{"href":"https:\/\/laser.it\/index.php?rest_route=%2Fwp%2Fv2%2Fmedia&parent=15201"}],"wp:term":[{"taxonomy":"category","embeddable":true,"href":"https:\/\/laser.it\/index.php?rest_route=%2Fwp%2Fv2%2Fcategories&post=15201"},{"taxonomy":"post_tag","embeddable":true,"href":"https:\/\/laser.it\/index.php?rest_route=%2Fwp%2Fv2%2Ftags&post=15201"}],"curies":[{"name":"wp","href":"https:\/\/api.w.org\/{rel}","templated":true}]}}