{"id":15230,"date":"2024-12-13T17:09:00","date_gmt":"2024-12-13T17:09:00","guid":{"rendered":"https:\/\/laser.it\/?p=15230"},"modified":"2024-12-13T17:09:00","modified_gmt":"2024-12-13T17:09:00","slug":"cfi-nominati-nuovi-vertici-societa-frangi-ad-e-dallara-presidente","status":"publish","type":"post","link":"https:\/\/laser.it\/?p=15230","title":{"rendered":"Cfi, nominati nuovi vertici societ\u00e0, Frangi ad e Dall&#8217;Ara presidente"},"content":{"rendered":"<p>(Adnkronos) &#8211; Si \u00e8 tenuta ieri, gioved\u00ec 12 dicembre, la prima riunione del nuovo consiglio di amministrazione di Cfi \u2013 Cooperazione Finanza Impresa, societ\u00e0 partecipata dal Ministero delle Imprese e del Made in Italy, investitore istituzionale dedicato alle imprese cooperative deputato all\u2019attuazione della legge Marcora. Il Consiglio ha provveduto a nominare le figure apicali della societ\u00e0 designando: Stefano Dall\u2019Ara a ricoprire la carica di presidente del consiglio di amministrazione, Mauro Frangi, vicepresidente e amministratore delegato e Fabio Travaglini, vicepresidente.\u00a0Stefano Dall\u2019Ara &#8211; bolognese, responsabile dell\u2019area finanza nazionale di Legacoop, con alle spalle una ventennale esperienza nel settore bancario, una lunga attivit\u00e0 sia manageriale che di governance e diversi incarichi ricoperti in societ\u00e0 del settore finanziario e non, anche vigilate e quotate; tra le diverse cariche di rilievo la presidenza di \u201cPrevidenza Cooperativa\u201d, il fondo pensione negoziale dei dipendenti delle imprese cooperative. Stefano Dall\u2019Ara succede cos\u00ec a Mauro Frangi che, dopo aver presieduto la societ\u00e0 dal 2016 ad oggi, rivestir\u00e0 nel prossimo triennio il ruolo di amministratore delegato.\u00a0\u201cFrutto di una grande intuizione degli anni 80, la Legge Marcora, il ruolo di CFI si \u00e8 sempre pi\u00f9 consolidato negli anni come uno strumento unico e fondamentale per lo sviluppo del movimento cooperativo&quot;, commenta il nuovo presidente Stefano Dall\u2019Ara. &quot;Il nuovo Consiglio di Amministrazione perseguir\u00e0 l\u2019obiettivo di svilupparne ulteriormente l\u2019attivit\u00e0 che rientra pienamente nella strategia di sostegno alle pmi, in questo caso cooperative, del ministero delle Imprese e del made in Italy. Cfi si pone l\u2019obiettivo di assumere un ruolo ancora pi\u00f9 importante nel sostegno alla crescita del movimento cooperativo che rappresenta per volume d\u2019affari, per occupati e per impatto sociale generato una delle realt\u00e0 pi\u00f9 rilevanti ed importanti dell\u2019economia italiana\u201d.\u00a0\u201cCfi proseguir\u00e0 nella sua missione di sostenere la nascita e lo sviluppo delle imprese cooperative di lavoro e sociali &#8211; conclude Mauro Frangi, amministratore delegato &#8211; in stretta collaborazione e sinergia con il ministero delle imprese e del made in Italy. Con oltre 72 milioni di impieghi in essere e 209 cooperative finanziate, Cfi rappresenta, oggi, un attore finanziario e un partner privilegiato per imprese che hanno nella generazione di buona occupazione e nella realizzazione di progetti. imprenditoriali ad elevato impatto sociale ed ambientale le loro principali finalit\u00e0. A partire, ovviamente, dall\u2019accompagnamento e dal sostegno finanziario delle imprese rigenerate dai lavoratori (Wbo) e con un\u2019attenzione particolare, grazie ad un progetto finanziato dalla Commissione Europea, anche alle imprese di minori dimensioni impegnate in percorsi di patrimonializzazione e crescita. Continueremo ad operare con convinzione per sostenere lo sviluppo dell\u2019economia mutualistica e sociale: \u00e8 questo il contributo che abbiamo da offrire allo sviluppo del Paese\u201d.\u00a0&#8212;lavorowebinfo@adnkronos.com (Web Info)<\/p>\n","protected":false},"excerpt":{"rendered":"<p>(Adnkronos) &#8211; Si \u00e8 tenuta ieri, gioved\u00ec 12 dicembre, la prima riunione del nuovo consiglio di amministrazione di Cfi \u2013 Cooperazione Finanza Impresa, societ\u00e0 partecipata dal Ministero delle Imprese e del Made in Italy,&#46;&#46;&#46;<\/p>\n","protected":false},"author":1,"featured_media":15231,"comment_status":"open","ping_status":"open","sticky":false,"template":"","format":"standard","meta":{"footnotes":""},"categories":[1],"tags":[2,3],"class_list":["post-15230","post","type-post","status-publish","format-standard","has-post-thumbnail","hentry","category-senza-categoria","tag-adnkronos","tag-ultimora"],"_links":{"self":[{"href":"https:\/\/laser.it\/index.php?rest_route=\/wp\/v2\/posts\/15230","targetHints":{"allow":["GET"]}}],"collection":[{"href":"https:\/\/laser.it\/index.php?rest_route=\/wp\/v2\/posts"}],"about":[{"href":"https:\/\/laser.it\/index.php?rest_route=\/wp\/v2\/types\/post"}],"author":[{"embeddable":true,"href":"https:\/\/laser.it\/index.php?rest_route=\/wp\/v2\/users\/1"}],"replies":[{"embeddable":true,"href":"https:\/\/laser.it\/index.php?rest_route=%2Fwp%2Fv2%2Fcomments&post=15230"}],"version-history":[{"count":1,"href":"https:\/\/laser.it\/index.php?rest_route=\/wp\/v2\/posts\/15230\/revisions"}],"predecessor-version":[{"id":15251,"href":"https:\/\/laser.it\/index.php?rest_route=\/wp\/v2\/posts\/15230\/revisions\/15251"}],"wp:featuredmedia":[{"embeddable":true,"href":"https:\/\/laser.it\/index.php?rest_route=\/wp\/v2\/media\/15231"}],"wp:attachment":[{"href":"https:\/\/laser.it\/index.php?rest_route=%2Fwp%2Fv2%2Fmedia&parent=15230"}],"wp:term":[{"taxonomy":"category","embeddable":true,"href":"https:\/\/laser.it\/index.php?rest_route=%2Fwp%2Fv2%2Fcategories&post=15230"},{"taxonomy":"post_tag","embeddable":true,"href":"https:\/\/laser.it\/index.php?rest_route=%2Fwp%2Fv2%2Ftags&post=15230"}],"curies":[{"name":"wp","href":"https:\/\/api.w.org\/{rel}","templated":true}]}}