{"id":15789,"date":"2024-12-16T17:18:50","date_gmt":"2024-12-16T17:18:50","guid":{"rendered":"https:\/\/laser.it\/?p=15789"},"modified":"2024-12-16T17:18:50","modified_gmt":"2024-12-16T17:18:50","slug":"rocca-da-progetto-etruschi-a-fiumicino-per-turisti-un-assaggio-della-nostra-storia","status":"publish","type":"post","link":"https:\/\/laser.it\/?p=15789","title":{"rendered":"Rocca: &#8220;Da progetto Etruschi a Fiumicino per turisti un &#8216;assaggio&#8217; della nostra storia&#8221;"},"content":{"rendered":"<p>(Adnkronos) &#8211; &quot;Sono molto grato a Aeroporti di Roma, al suo amministratore delegato Marco Troncone per aver ascoltato la mia richiesta di poter fare in modo che nell&#039;area degli Arrivi, dove transitano decine di migliaia di persone ogni giorno, si possano ammirare le bellezze del territorio, cominciare ad avere un assaggio del viaggio nella storia e nella bellezza che i nostri turisti si accingono ad avere&quot;, Lo ha dichiarato Francesco Rocca Presidente della Regione Lazio in occasione della presentazione di \u2018Etruschi per l\u2019eternit\u00e0\u2019, esposizione inaugurata presso il Terminal 1 di Fiumicino.\u00a0&quot;Farlo attraverso gli Etruschi \u00e8 stata un&#039;intuizione importante, perch\u00e9 racconta proprio le bellezze del nostro territorio, non soltanto di una Roma che \u00e8 molto famosa, ma anche di quelle bellezze meravigliose di cui \u00e8 ricco il nostro territorio&quot;, continua Rocca. \u00a0&quot;Penso a Cerveteri, a Tarquinia, ma anche a Norchia che \u00e8 poco conosciuta ma \u00e8 meravigliosa, la chiamano la Petra italiana per la modalit\u00e0 con cui sono state scolpite le tombe. Sono luoghi che meritano di essere visitati &#8211; conclude Rocca &#8211; conosciuti. Quindi quale viatico migliore di un luogo come questo per poterle promuovere&quot;.\u00a0&#8212;culturawebinfo@adnkronos.com (Web Info)<\/p>\n","protected":false},"excerpt":{"rendered":"<p>(Adnkronos) &#8211; &quot;Sono molto grato a Aeroporti di Roma, al suo amministratore delegato Marco Troncone per aver ascoltato la mia richiesta di poter fare in modo che nell&#039;area degli Arrivi, dove transitano decine di&#46;&#46;&#46;<\/p>\n","protected":false},"author":1,"featured_media":15790,"comment_status":"open","ping_status":"open","sticky":false,"template":"","format":"standard","meta":{"footnotes":""},"categories":[1],"tags":[2,3],"class_list":["post-15789","post","type-post","status-publish","format-standard","has-post-thumbnail","hentry","category-senza-categoria","tag-adnkronos","tag-ultimora"],"_links":{"self":[{"href":"https:\/\/laser.it\/index.php?rest_route=\/wp\/v2\/posts\/15789","targetHints":{"allow":["GET"]}}],"collection":[{"href":"https:\/\/laser.it\/index.php?rest_route=\/wp\/v2\/posts"}],"about":[{"href":"https:\/\/laser.it\/index.php?rest_route=\/wp\/v2\/types\/post"}],"author":[{"embeddable":true,"href":"https:\/\/laser.it\/index.php?rest_route=\/wp\/v2\/users\/1"}],"replies":[{"embeddable":true,"href":"https:\/\/laser.it\/index.php?rest_route=%2Fwp%2Fv2%2Fcomments&post=15789"}],"version-history":[{"count":1,"href":"https:\/\/laser.it\/index.php?rest_route=\/wp\/v2\/posts\/15789\/revisions"}],"predecessor-version":[{"id":15812,"href":"https:\/\/laser.it\/index.php?rest_route=\/wp\/v2\/posts\/15789\/revisions\/15812"}],"wp:featuredmedia":[{"embeddable":true,"href":"https:\/\/laser.it\/index.php?rest_route=\/wp\/v2\/media\/15790"}],"wp:attachment":[{"href":"https:\/\/laser.it\/index.php?rest_route=%2Fwp%2Fv2%2Fmedia&parent=15789"}],"wp:term":[{"taxonomy":"category","embeddable":true,"href":"https:\/\/laser.it\/index.php?rest_route=%2Fwp%2Fv2%2Fcategories&post=15789"},{"taxonomy":"post_tag","embeddable":true,"href":"https:\/\/laser.it\/index.php?rest_route=%2Fwp%2Fv2%2Ftags&post=15789"}],"curies":[{"name":"wp","href":"https:\/\/api.w.org\/{rel}","templated":true}]}}