{"id":16874,"date":"2024-12-20T17:19:02","date_gmt":"2024-12-20T17:19:02","guid":{"rendered":"https:\/\/laser.it\/?p=16874"},"modified":"2024-12-20T17:19:02","modified_gmt":"2024-12-20T17:19:02","slug":"sindaco-chienni-con-questo-impianto-si-apre-percorso-di-innovazione","status":"publish","type":"post","link":"https:\/\/laser.it\/?p=16874","title":{"rendered":"Sindaco Chienni: &#8220;Con questo impianto si apre percorso di innovazione&#8221;"},"content":{"rendered":"<p>(Adnkronos) &#8211; \u201cCon l\u2019inaugurazione di questo impianto si apre un percorso di innovazione, frutto anche di determinazione e resilienza, perch\u00e9 il nostro territorio sta dimostrando la capacit\u00e0 di tutelare i posti di lavoro. E\u2019 accaduto di recente con la Fimer, che dopo un mese di tribolazione ha aperto un nuovo percorso su basi solide, e accade qui perch\u00e9 alla fine di un&#039;esperienza se ne apre una nuova, impostata sull&#039;economia circolare, con un impianto che recupera i metalli preziosi da schede Raee\u201d. Cos\u00ec Sergio Chienni, sindaco di Terranuova Bracciolini, margine dell\u2019inaugurazione del primo impianto europeo per il recupero di metalli preziosi e materie prime critiche a basso impatto ambientale, realizzato da Gruppo Iren a Terranuova Bracciolini, in provincia di Arezzo.\u00a0\u201c\u00c8 un&#039;avventura affascinante che coinvolger\u00e0 la forza lavoro precedentemente impiegata in altri ruoli e in altre funzioni e non \u00e8 l&#039;unico passo che vedremo, perch\u00e9 a breve ci sar\u00e0 la presentazione di una nuova esperienza, quella relativa alla generazione del biometano, un accordo fatto Waga, anche questo un passo proficuo nella direzione dell&#039;innovazione &#8211; spiega il sindaco di Terranuova Bracciolini &#8211; Basti considerare che l&#039;80% del valore che verr\u00e0 generato dal distretto proviene da attivit\u00e0 di recupero, passando dallo smaltimento alla trasformazione dello scarto in valore. Un passo sostanziale e importante per il futuro di tutti\u201d. Con una capacit\u00e0 di trattamento di oltre 300 tonnellate di schede elettroniche all\u2019anno, l\u2019impianto permetter\u00e0 di recuperare metalli producendo una quantit\u00e0 di CO2 tre volte inferiore rispetto ai tradizionali processi di estrazione mineraria e di incenerimento.\u00a0Chienni, poi, illustra come i rifiuti possano diventare miniera e non problema: \u201cTrasformando lo scarto in valore. In tal senso \u00e8 necessario avviare dei procedimenti innovativi e ringrazio Iren per aver fatto questo investimento. Una sinergia che, peraltro, nasce con altri partner di primissima importanza di livello nazionale, ma anche legati al nostro territorio. Faccio riferimento, per esempio, alla Btt che appartiene al gruppo Lem, che trova le sue origini e la sua attivit\u00e0 peculiare nella nostra vallata &#8211; conclude &#8211; \u00c8 una sinergia complessiva che sta segnando una nuova prospettiva per il nostro territorio e per le aziende, le quali sono anche partecipate direttamente o indirettamente dai Comuni\u201d.\u00a0&#8212;economiawebinfo@adnkronos.com (Web Info)<\/p>\n","protected":false},"excerpt":{"rendered":"<p>(Adnkronos) &#8211; \u201cCon l\u2019inaugurazione di questo impianto si apre un percorso di innovazione, frutto anche di determinazione e resilienza, perch\u00e9 il nostro territorio sta dimostrando la capacit\u00e0 di tutelare i posti di lavoro. E\u2019&#46;&#46;&#46;<\/p>\n","protected":false},"author":1,"featured_media":16875,"comment_status":"open","ping_status":"open","sticky":false,"template":"","format":"standard","meta":{"footnotes":""},"categories":[1],"tags":[2,3],"class_list":["post-16874","post","type-post","status-publish","format-standard","has-post-thumbnail","hentry","category-senza-categoria","tag-adnkronos","tag-ultimora"],"_links":{"self":[{"href":"https:\/\/laser.it\/index.php?rest_route=\/wp\/v2\/posts\/16874","targetHints":{"allow":["GET"]}}],"collection":[{"href":"https:\/\/laser.it\/index.php?rest_route=\/wp\/v2\/posts"}],"about":[{"href":"https:\/\/laser.it\/index.php?rest_route=\/wp\/v2\/types\/post"}],"author":[{"embeddable":true,"href":"https:\/\/laser.it\/index.php?rest_route=\/wp\/v2\/users\/1"}],"replies":[{"embeddable":true,"href":"https:\/\/laser.it\/index.php?rest_route=%2Fwp%2Fv2%2Fcomments&post=16874"}],"version-history":[{"count":1,"href":"https:\/\/laser.it\/index.php?rest_route=\/wp\/v2\/posts\/16874\/revisions"}],"predecessor-version":[{"id":16900,"href":"https:\/\/laser.it\/index.php?rest_route=\/wp\/v2\/posts\/16874\/revisions\/16900"}],"wp:featuredmedia":[{"embeddable":true,"href":"https:\/\/laser.it\/index.php?rest_route=\/wp\/v2\/media\/16875"}],"wp:attachment":[{"href":"https:\/\/laser.it\/index.php?rest_route=%2Fwp%2Fv2%2Fmedia&parent=16874"}],"wp:term":[{"taxonomy":"category","embeddable":true,"href":"https:\/\/laser.it\/index.php?rest_route=%2Fwp%2Fv2%2Fcategories&post=16874"},{"taxonomy":"post_tag","embeddable":true,"href":"https:\/\/laser.it\/index.php?rest_route=%2Fwp%2Fv2%2Ftags&post=16874"}],"curies":[{"name":"wp","href":"https:\/\/api.w.org\/{rel}","templated":true}]}}