{"id":16882,"date":"2024-12-20T17:02:00","date_gmt":"2024-12-20T17:02:00","guid":{"rendered":"https:\/\/laser.it\/?p=16882"},"modified":"2024-12-20T17:02:00","modified_gmt":"2024-12-20T17:02:00","slug":"farina-governatorato-vaticano-vaticano-allavanguardia-sta-dando-lesempio-per-ambiente-e-risparmio-energia","status":"publish","type":"post","link":"https:\/\/laser.it\/?p=16882","title":{"rendered":"Farina (Governatorato vaticano): &#8220;Vaticano all&#8217;avanguardia, sta dando l&#8217;esempio per ambiente e risparmio energia&#8221;"},"content":{"rendered":"<p>(Adnkronos) &#8211; \u201cIl prossimo passo sono i magazzini della Vignaccia, \u00e8 il doppio della superficie dell&#039;ingresso dei Musei ed \u00e8 gi\u00e0 in corso di lavorazione, terminer\u00e0 nei primi mesi del 2025, produrr\u00e0 il doppio di energia nell&#039;arco dell&#039;anno; poi ci sono anche la realizzazione delle colonnine di ricarica elettrica e altri progetti su parte dei tetti di alcune abitazioni che lo consentono, all&#039;interno del territorio della citt\u00e0 del Vaticano, Laudato Si&#039;&#039;&#039;. \u00a0Cos\u00ec Salvatore Farina, direttore della Direzione Infrastrutture e Servizi, Governatorato Citt\u00e0 del Vaticano, all&#039;inaugurazione della nuova copertura vetrata fotovoltaica del Cortile delle Corazze nei Musei Vaticani. &#039;&#039;Tutto il Governatorato e la mia direzione in particolare stiamo svolgendo questi progetti che tendono al Net Zero come da impegni sviluppati in ambito internazionale&#039;&#039;. \u00a0&#039;&#039;Questo impianto ha una potenza di 135 kW in un anno e 274 kWh, l&#039;altro impianto invece produrr\u00e0 il doppio. Quindi ci avviamo, passo dopo passo, verso gli impegni del 2030 e poi 2050, ma siamo gi\u00e0 in una buona posizione. La citt\u00e0 del Vaticano \u00e8 all&#039;avanguardia, sta dando l&#039;esempio e quindi \u00e8 sulla strada giusta per rispettare l&#039;ambiente, per risparmiare l&#039;energia&#039;&#039;.\u00a0&#039;&#039;Abbiamo sviluppato in grande armonia insieme ai tecnici di Acea-Areti questi progetti che sono veramente complessi perch\u00e9 sono strutture molto particolari, delicate, che insistono su siti assai sensibili e quindi sono molto complessi da realizzare. Questo \u00e8 stato realizzato veramente a tempo di record e devo dire \u00e8 stato fatto un gioco di squadra\u201d.\u00a0&#8212;sostenibilitawebinfo@adnkronos.com (Web Info)<\/p>\n","protected":false},"excerpt":{"rendered":"<p>(Adnkronos) &#8211; \u201cIl prossimo passo sono i magazzini della Vignaccia, \u00e8 il doppio della superficie dell&#039;ingresso dei Musei ed \u00e8 gi\u00e0 in corso di lavorazione, terminer\u00e0 nei primi mesi del 2025, produrr\u00e0 il doppio&#46;&#46;&#46;<\/p>\n","protected":false},"author":1,"featured_media":16883,"comment_status":"open","ping_status":"open","sticky":false,"template":"","format":"standard","meta":{"footnotes":""},"categories":[1],"tags":[2,3],"class_list":["post-16882","post","type-post","status-publish","format-standard","has-post-thumbnail","hentry","category-senza-categoria","tag-adnkronos","tag-ultimora"],"_links":{"self":[{"href":"https:\/\/laser.it\/index.php?rest_route=\/wp\/v2\/posts\/16882","targetHints":{"allow":["GET"]}}],"collection":[{"href":"https:\/\/laser.it\/index.php?rest_route=\/wp\/v2\/posts"}],"about":[{"href":"https:\/\/laser.it\/index.php?rest_route=\/wp\/v2\/types\/post"}],"author":[{"embeddable":true,"href":"https:\/\/laser.it\/index.php?rest_route=\/wp\/v2\/users\/1"}],"replies":[{"embeddable":true,"href":"https:\/\/laser.it\/index.php?rest_route=%2Fwp%2Fv2%2Fcomments&post=16882"}],"version-history":[{"count":1,"href":"https:\/\/laser.it\/index.php?rest_route=\/wp\/v2\/posts\/16882\/revisions"}],"predecessor-version":[{"id":16888,"href":"https:\/\/laser.it\/index.php?rest_route=\/wp\/v2\/posts\/16882\/revisions\/16888"}],"wp:featuredmedia":[{"embeddable":true,"href":"https:\/\/laser.it\/index.php?rest_route=\/wp\/v2\/media\/16883"}],"wp:attachment":[{"href":"https:\/\/laser.it\/index.php?rest_route=%2Fwp%2Fv2%2Fmedia&parent=16882"}],"wp:term":[{"taxonomy":"category","embeddable":true,"href":"https:\/\/laser.it\/index.php?rest_route=%2Fwp%2Fv2%2Fcategories&post=16882"},{"taxonomy":"post_tag","embeddable":true,"href":"https:\/\/laser.it\/index.php?rest_route=%2Fwp%2Fv2%2Ftags&post=16882"}],"curies":[{"name":"wp","href":"https:\/\/api.w.org\/{rel}","templated":true}]}}