{"id":17490,"date":"2024-12-24T12:21:00","date_gmt":"2024-12-24T12:21:00","guid":{"rendered":"https:\/\/laser.it\/?p=17490"},"modified":"2024-12-24T12:21:00","modified_gmt":"2024-12-24T12:21:00","slug":"lega-del-filo-doro-da-60-anni-al-fianco-delle-persone-sordocieche","status":"publish","type":"post","link":"https:\/\/laser.it\/?p=17490","title":{"rendered":"Lega del Filo d&#8217;Oro, da 60 anni al fianco delle persone sordocieche"},"content":{"rendered":"<p>(Adnkronos) &#8211; Dal 1964 la Lega del Filo d&#039;Oro si occupa e si preoccupa di unire \u2013 proprio come un lungo filo \u2013 le persone sordocieche al mondo esterno. E in questi 60 anni \u00e8 diventata un punto di riferimento in tutta Italia per l&#039;assistenza, l&#039;educazione, la riabilitazione, il recupero e la valorizzazione delle potenzialit\u00e0 residue e il sostegno, alla ricerca della maggiore autonomia possibile, di queste persone e di quelle pluriminorate psicosensoriali di tutte le fasce d&#039;et\u00e0. Sessant\u2019anni di presenza, oggi ancora pi\u00f9 radicata con Centri e Servizi territoriali in 11 regioni, anche se poi gli oltre 1.200 utenti e le loro famiglie bisognose di aiuto e supporto che in media vengono seguiti ogni anno arrivano da tutta Italia.  Un viaggio che narra una storia straordinaria fatta di solidariet\u00e0, impegno e risultati concreti: il 20 dicembre scorso per lo speciale compleanno della Lega del Filo d&#039;Oro  Poste Italiane ha attivato un servizio filatelico temporaneo con bollo speciale, con la dicitura &quot;60esimo anniversario di Fondazione&quot;. \u00a0&quot;Quello che volge al termine \u00e8 stato un anno importante e ricco di soddisfazioni, che ci ha visto proseguire con impegno e passione nel cammino iniziato ormai 60 anni fa al fianco delle persone sordocieche e con pluridisabilit\u00e0 psicosensoriale e le loro famiglie &#8211; ha detto Rossano Bartoli, presidente della Fondazione Lega del Filo d&#039;Oro &#8211; In una data cos\u00ec importante, nel ricordo di coloro che hanno dato vita all&#039;associazione, voglio ringraziare sentitamente il personale, il Consiglio di Amministrazione e i componenti di tutti gli organi Istituzionali, i consulenti, i volontari per l&#039;incessante impegno, le famiglie che rinnovano costantemente la loro fiducia in noi e i tanti sostenitori, senza i quali i nostri sforzi non sarebbero possibili&quot;.\u00a0La sordocecit\u00e0, disabilit\u00e0 unica e specifica riconosciuta con la Legge 107 del 2010, \u00e8 la combinazione di una minorazione visiva con una uditiva, totale o parziale. La pluridisabilit\u00e0 psicosensoriale indica, invece, quella condizione in cui alle problematiche sensoriali legate alla vista e\/o all\u2019udito si affiancano anche disabilit\u00e0 motorie, intellettive, cognitive o seri problemi di salute. Secondo il &quot;Nuovo studio sulla popolazione di persone sordocieche, con disabilit\u00e0 sensoriali e plurime in condizioni di gravit\u00e0&quot;, realizzato dall\u2019Istat in collaborazione con la Lega del Filo d\u2019Oro (2023), si stima che oggi in Italia le persone con disabilit\u00e0 sensoriali e plurime alla vista e all\u2019udito e contemporaneamente con limitazioni di tipo motorio siano oltre 360mila. Si tratta di una fascia di popolazione spesso invisibile, che rischia di essere confinata nell\u2019isolamento imposto dalla propria disabilit\u00e0, la cui stima complessiva deve essere per\u00f2 vista verso l\u2019alto, tenendo in considerazione anche i minori al di sotto dei 15 anni, non inclusi nella rilevazione, e le persone che presentano, oltre alla disabilit\u00e0 sensoriale, anche una disabilit\u00e0 intellettiva.\u00a0Per comprendere la loro condizione in termini pratici, basti sapere che la nostra mente riceve il 95% di tutto ci\u00f2 che apprende attraverso questi due sensi. In questo scenario la Lega del Filo d\u2019Oro, oltre a garantire attivit\u00e0 di assistenza, educazione e riabilitazione alle persone sordocieche e con pluridisabilit\u00e0 psicosensoriale \u00e8 impegnata in prima linea nel portare all\u2019attenzione delle Istituzioni politiche e dell\u2019opinione pubblica le loro istanze con l\u2019obiettivo di ottenere inclusione sociale, autodeterminazione e autonomia.\u00a0&#8212;salutewebinfo@adnkronos.com (Web Info)<\/p>\n","protected":false},"excerpt":{"rendered":"<p>(Adnkronos) &#8211; Dal 1964 la Lega del Filo d&#039;Oro si occupa e si preoccupa di unire \u2013 proprio come un lungo filo \u2013 le persone sordocieche al mondo esterno. E in questi 60 anni&#46;&#46;&#46;<\/p>\n","protected":false},"author":1,"featured_media":17491,"comment_status":"open","ping_status":"open","sticky":false,"template":"","format":"standard","meta":{"footnotes":""},"categories":[1],"tags":[2,3],"class_list":["post-17490","post","type-post","status-publish","format-standard","has-post-thumbnail","hentry","category-senza-categoria","tag-adnkronos","tag-ultimora"],"_links":{"self":[{"href":"https:\/\/laser.it\/index.php?rest_route=\/wp\/v2\/posts\/17490","targetHints":{"allow":["GET"]}}],"collection":[{"href":"https:\/\/laser.it\/index.php?rest_route=\/wp\/v2\/posts"}],"about":[{"href":"https:\/\/laser.it\/index.php?rest_route=\/wp\/v2\/types\/post"}],"author":[{"embeddable":true,"href":"https:\/\/laser.it\/index.php?rest_route=\/wp\/v2\/users\/1"}],"replies":[{"embeddable":true,"href":"https:\/\/laser.it\/index.php?rest_route=%2Fwp%2Fv2%2Fcomments&post=17490"}],"version-history":[{"count":1,"href":"https:\/\/laser.it\/index.php?rest_route=\/wp\/v2\/posts\/17490\/revisions"}],"predecessor-version":[{"id":17494,"href":"https:\/\/laser.it\/index.php?rest_route=\/wp\/v2\/posts\/17490\/revisions\/17494"}],"wp:featuredmedia":[{"embeddable":true,"href":"https:\/\/laser.it\/index.php?rest_route=\/wp\/v2\/media\/17491"}],"wp:attachment":[{"href":"https:\/\/laser.it\/index.php?rest_route=%2Fwp%2Fv2%2Fmedia&parent=17490"}],"wp:term":[{"taxonomy":"category","embeddable":true,"href":"https:\/\/laser.it\/index.php?rest_route=%2Fwp%2Fv2%2Fcategories&post=17490"},{"taxonomy":"post_tag","embeddable":true,"href":"https:\/\/laser.it\/index.php?rest_route=%2Fwp%2Fv2%2Ftags&post=17490"}],"curies":[{"name":"wp","href":"https:\/\/api.w.org\/{rel}","templated":true}]}}