{"id":2698,"date":"2024-10-22T19:45:11","date_gmt":"2024-10-22T19:45:11","guid":{"rendered":"https:\/\/laser.it\/?p=2698"},"modified":"2024-10-22T19:45:11","modified_gmt":"2024-10-22T19:45:11","slug":"urbanistica-brancaccio-ance-affrontare-la-flessibilita-dellabitare","status":"publish","type":"post","link":"https:\/\/laser.it\/?p=2698","title":{"rendered":"Urbanistica, Brancaccio (Ance): &#8220;Affrontare la flessibilit\u00e0 dell&#8217;abitare&#8221;"},"content":{"rendered":"<p>(Adnkronos) &#8211; &quot;L&#039;ultimo vero piano casa risale al piano Fanfani, per rispondere alle esigenze di una societ\u00e0 che cambiava. Oggi abbiamo un enorme patrimonio pubblico e privato che si sta spopolando. Ci sono pochissimi affitti o prezzi di vendita non accessibili. Ci sono varie fasce di esigenze, tutte diverse, a cui rispondere: anziani, studenti, giovani, mobilit\u00e0, famiglie numerose o piccole. La flessibilit\u00e0 dell&#039;abitare \u00e8 da affrontare. Con il Covid \u00e8 uscita fuori l&#039;esigenza dell&#039;abitare con una serie di servizi&quot;. Lo ha detto Federica Brancaccio, presidente Ance Ass. Nazionale Costruttori Edili, parlando durante il panel &#039;Housing, dall\u2019emergenza a un piano comune per l\u2019abitare&#039;, nel corso della conferenza organizzata da Adnkronos\/Eurofocus &#039;La nuova Commissione Ue: un accento su Difesa, Mediterraneo e Housing&#039;. \u00a0&quot;Il welfare riguarda la possibilit\u00e0 di dare ai lavoratori un contributo per chi vive lontano dalla sede di lavoro &#8211; propone la Brancaccio &#8211; Come fare a rendere accesibile la locazione o ad acquistare una casa? Con strumenti innovati finanziari che devono attrarre l&#039;investitore istituzionale ma anche il piccolo risparmiatore che investe con un fondo di garanzie pubblico. Bisogna ripopolare molti centri che si sono spopolati, ma prima bisogna creare un tessuto economico, nel quale potrebbero trovare posto anche gli immigrati&quot;. \u00a0&quot;&quot;Siamo molto contenti che il problema, che pensavamo fosse soltanto italiano, sia sentito in tutta Europa &#8211; dice ancora la presidente dell&#039;Ance &#8211; Il problema della casa e dell&#039;abitare lo hanno Francia, Germania e Spagna, speriamo che si lavori a un piano comune. Il nuovo commissario danese credo sia attento all&#039;aspetto sociale dell&#039;abitare. Auspichiamo che gli investimenti siano fuori dal patto di stabilit\u00e0. Bisognerebbe mappare quello che c&#039;\u00e8 &#8211; ci vogliono fondi per farlo perch\u00e9 \u00e8 molto costoso &#8211; anche per il tema idrogeologico, ad esempio. La casa \u00e8 un tema degli stati membri. Un investimento forte pubblico sulla casa non \u00e8 facile da sostenere, ma \u00e8 il futuro e dobbiamo dare la possibilit\u00e0 ai giovani di mettere su famiglia e se non lo facciamo l&#039;Europa si impoverir\u00e0 sempre di pi\u00f9. E&#039; un tema anche fortemente economico&quot;.\u00a0&#8212;internazionale\/esteriwebinfo@adnkronos.com (Web Info)<\/p>\n","protected":false},"excerpt":{"rendered":"<p>(Adnkronos) &#8211; &quot;L&#039;ultimo vero piano casa risale al piano Fanfani, per rispondere alle esigenze di una societ\u00e0 che cambiava. Oggi abbiamo un enorme patrimonio pubblico e privato che si sta spopolando. Ci sono pochissimi&#46;&#46;&#46;<\/p>\n","protected":false},"author":1,"featured_media":2699,"comment_status":"open","ping_status":"open","sticky":false,"template":"","format":"standard","meta":{"footnotes":""},"categories":[1],"tags":[2,3],"class_list":["post-2698","post","type-post","status-publish","format-standard","has-post-thumbnail","hentry","category-senza-categoria","tag-adnkronos","tag-ultimora"],"_links":{"self":[{"href":"https:\/\/laser.it\/index.php?rest_route=\/wp\/v2\/posts\/2698","targetHints":{"allow":["GET"]}}],"collection":[{"href":"https:\/\/laser.it\/index.php?rest_route=\/wp\/v2\/posts"}],"about":[{"href":"https:\/\/laser.it\/index.php?rest_route=\/wp\/v2\/types\/post"}],"author":[{"embeddable":true,"href":"https:\/\/laser.it\/index.php?rest_route=\/wp\/v2\/users\/1"}],"replies":[{"embeddable":true,"href":"https:\/\/laser.it\/index.php?rest_route=%2Fwp%2Fv2%2Fcomments&post=2698"}],"version-history":[{"count":1,"href":"https:\/\/laser.it\/index.php?rest_route=\/wp\/v2\/posts\/2698\/revisions"}],"predecessor-version":[{"id":2722,"href":"https:\/\/laser.it\/index.php?rest_route=\/wp\/v2\/posts\/2698\/revisions\/2722"}],"wp:featuredmedia":[{"embeddable":true,"href":"https:\/\/laser.it\/index.php?rest_route=\/wp\/v2\/media\/2699"}],"wp:attachment":[{"href":"https:\/\/laser.it\/index.php?rest_route=%2Fwp%2Fv2%2Fmedia&parent=2698"}],"wp:term":[{"taxonomy":"category","embeddable":true,"href":"https:\/\/laser.it\/index.php?rest_route=%2Fwp%2Fv2%2Fcategories&post=2698"},{"taxonomy":"post_tag","embeddable":true,"href":"https:\/\/laser.it\/index.php?rest_route=%2Fwp%2Fv2%2Ftags&post=2698"}],"curies":[{"name":"wp","href":"https:\/\/api.w.org\/{rel}","templated":true}]}}