{"id":3177,"date":"2024-10-24T13:58:00","date_gmt":"2024-10-24T13:58:00","guid":{"rendered":"https:\/\/laser.it\/?p=3177"},"modified":"2024-10-24T13:58:00","modified_gmt":"2024-10-24T13:58:00","slug":"imprese-mutti-centromarca-marca-e-modo-con-cui-litalianita-puo-andare-nel-mondo","status":"publish","type":"post","link":"https:\/\/laser.it\/?p=3177","title":{"rendered":"Imprese, Mutti (Centromarca): &#8220;Marca \u00e8 modo con cui l&#8217;italianit\u00e0 pu\u00f2 andare nel mondo&#8221;"},"content":{"rendered":"<p>(Adnkronos) &#8211; &quot;Quando si parla di qualcosa di eccellente, automaticamente ci\u00f2 che affiora alla mente \u00e8 un nome, un brand o l&#039;autore di quella realizzazione e la marca ne \u00e8 la sintesi. La marca \u00e8 il modo con cui l&#039;italianit\u00e0 pu\u00f2 andare nel mondo. Noi non vendiamo un prodotto all&#039;estero, come sistema Paese, ma uno o tanti marchi, per questo siamo diventati importanti e stiamo continuando a crescere. Ci\u00f2, infatti, contribuisce in modo attivo e proattivo alla ricchezza anche della nostra bilancia commerciale&quot;. \u00a0Con queste dichiarazioni, Francesco Mutti, presidente di Centromarca, a margine dell\u2019evento di presentazione delle evidenze della ricerca \u2018La Marca crea valore per l\u2019Italia\u2019, promossa da Centromarca e condotta da Althesys sul valore condiviso dell\u2019industria di marca sul sistema Paese.\u00a0&quot;Stiamo parlando, infatti, di oltre 87 miliardi di euro di Valore Condiviso. Questi sono i dati che la ricerca di Althesys ci ha appena comunicato. Si tratta di un valore di filiera, quindi con ricadute sia sulle aziende, ma anche sul mondo agricolo, sul mondo della logistica, della trasformazione, della distribuzione e sulle persone che lavorano all&#039;interno del sistema del mondo Marca &#8211; spiega &#8211; in quanto lo studio di Althesys illustra che l&#039;analisi sulla crescita dei salari dal 2019 al 2023, seppur in un momento in cui il Paese ha sofferto di un incremento di inflazione importante, \u00e8 stata, per\u00f2, fortemente pi\u00f9 che controbilanciata da una crescita di oltre il 17% e questo rappresenta un modello positivo di sviluppo\u201d. \u00a0Il presidente Mutti, prosegue poi, illustrando la visione di Centromarca sulla tassazione sui consumi: \u201cNoi vediamo la tassa sui consumi come un ostacolo. Pertanto, \u00e8 necessario vivere questa filiera come una generatrice di valore e di risorse, stando attenti, al contempo, alle tasse sui consumi. Essi, infatti, ricadono sul carrello della spesa dei nostri consumatori, riducendo la loro capacit\u00e0 di acquisto &#8211; sottolinea &#8211; Di conseguenza, a nostro avviso si tratta di una tassazione sbagliata e verso la quale cerchiamo di opporci strenuamente. Non dev&#039;essere, infatti, attraverso le tasse che si cambiano le abitudini di consumo dei nostri consumatori\u201d. \u00a0\u201cCon il passare del tempo emerge sempre di pi\u00f9 come la dimensione media delle nostre aziende sia incompatibile con un mercato che si sta allargando. Quando, ad esempio, facciamo un focus nel mondo dell&#039;alimentare, ci rendiamo conto che oltre il 50% delle esportazioni sono fatte dallo 0,2% delle aziende italiane. Ci\u00f2 significa che abbiamo un bacino di aziende che, purtroppo, dimensionalmente sono troppo piccole per riuscire a competere sul mercato domestico e non solo, soprattutto quando affrontiamo in modo sistemico e sistematico i mercati internazionali &#8211; continua Mutti &#8211; Pensiamo anche a tutti i cicli di innovazione ai quali saremo esposti: quando parliamo di intelligenza artificiale, un conto \u00e8 andare ad applicarla su un\u2019azienda di dimensioni medio grandi, ma stiamo parlando di aziende relativamente piccole, non di grandi multinazionali. Quando l&#039;azienda \u00e8 troppo piccola, queste innovazioni rischiano solamente di indebolirla. Noi oggi dobbiamo fare una riflessione profonda affinch\u00e9 questo tessuto industriale importantissimo non vada sprecato, ma ci siano sistemi per migliorare e agevolare l&#039;aggregazione e la capacit\u00e0 di creare dei campioni a livello nazionale, che possano sostenere tutta la singola filiera\u201d.\u00a0\u201cL&#039;ecosistema nel quale si sviluppano le aziende \u00e8 la capacit\u00e0 di creare l&#039;habitat ideale affinch\u00e9 le singole aziende possano prosperare, generando ricchezza per i lavoratori e posti di lavoro, non solo come unit\u00e0, ma come qualit\u00e0, in termini retributivi e di valore di lavoro svolto. Quindi, \u00e8 necessario che i singoli governi creino opere condivise affinch\u00e9, una volta determinata in modo chiaro una direzione, si possa continuare. Una tra le caratteristiche pi\u00f9 importanti delle imprese \u00e8 poter godere di una tranquillit\u00e0 temporale &#8211; illustra &#8211; Quindi, \u00e8 necessario prendere alcune direzioni che possano essere mantenute. Oggi, quando si parla di capacit\u00e0 competitiva del sistema Paese, la prima parola che viene in mente \u00e8 energia. Tuttavia l&#039;Italia, oggi, dal punto di vista energetico, ha dei costi non sostenibili e la capacit\u00e0 di migliorare da questo punto di vista sarebbe un grande successo da parte del governo\u201d.\u00a0Infine, Mutti riassume dove indirizzare gli investimenti volti alla crescita delle aziende: \u201cCome Centromarca oggi abbiamo portato una serie di proposte a costo zero. Uno tra gli elementi su cui continuiamo costantemente a batterci \u00e8 quello della legalit\u00e0: le aziende che non rispettano la legalit\u00e0 sono aziende che svolgono una competizione scorretta, che non si basa sulla capacit\u00e0 del saper fare, ma si basa viceversa sul non rispetto delle norme e delle leggi e quindi una competizione sleale. Dal punto di vista degli investimenti, siamo contro le tassazioni sui consumi e siamo, invece, molto favorevoli a politiche fiscali di incentivazione, affinch\u00e9 la taglia media della dimensione italiana delle aziende possa crescere e creare dei campioni nazionali, che possano aprire a tutta la filiera dei mercati internazionali e portare l&#039;eccellenza, che \u00e8 rappresentata dal marchio del Made in Italy, nel mondo\u201d, conclude.\u00a0&#8212;lavorowebinfo@adnkronos.com (Web Info)<\/p>\n","protected":false},"excerpt":{"rendered":"<p>(Adnkronos) &#8211; &quot;Quando si parla di qualcosa di eccellente, automaticamente ci\u00f2 che affiora alla mente \u00e8 un nome, un brand o l&#039;autore di quella realizzazione e la marca ne \u00e8 la sintesi. La marca&#46;&#46;&#46;<\/p>\n","protected":false},"author":1,"featured_media":3178,"comment_status":"open","ping_status":"open","sticky":false,"template":"","format":"standard","meta":{"footnotes":""},"categories":[1],"tags":[2,3],"class_list":["post-3177","post","type-post","status-publish","format-standard","has-post-thumbnail","hentry","category-senza-categoria","tag-adnkronos","tag-ultimora"],"_links":{"self":[{"href":"https:\/\/laser.it\/index.php?rest_route=\/wp\/v2\/posts\/3177","targetHints":{"allow":["GET"]}}],"collection":[{"href":"https:\/\/laser.it\/index.php?rest_route=\/wp\/v2\/posts"}],"about":[{"href":"https:\/\/laser.it\/index.php?rest_route=\/wp\/v2\/types\/post"}],"author":[{"embeddable":true,"href":"https:\/\/laser.it\/index.php?rest_route=\/wp\/v2\/users\/1"}],"replies":[{"embeddable":true,"href":"https:\/\/laser.it\/index.php?rest_route=%2Fwp%2Fv2%2Fcomments&post=3177"}],"version-history":[{"count":1,"href":"https:\/\/laser.it\/index.php?rest_route=\/wp\/v2\/posts\/3177\/revisions"}],"predecessor-version":[{"id":3227,"href":"https:\/\/laser.it\/index.php?rest_route=\/wp\/v2\/posts\/3177\/revisions\/3227"}],"wp:featuredmedia":[{"embeddable":true,"href":"https:\/\/laser.it\/index.php?rest_route=\/wp\/v2\/media\/3178"}],"wp:attachment":[{"href":"https:\/\/laser.it\/index.php?rest_route=%2Fwp%2Fv2%2Fmedia&parent=3177"}],"wp:term":[{"taxonomy":"category","embeddable":true,"href":"https:\/\/laser.it\/index.php?rest_route=%2Fwp%2Fv2%2Fcategories&post=3177"},{"taxonomy":"post_tag","embeddable":true,"href":"https:\/\/laser.it\/index.php?rest_route=%2Fwp%2Fv2%2Ftags&post=3177"}],"curies":[{"name":"wp","href":"https:\/\/api.w.org\/{rel}","templated":true}]}}