{"id":3258,"date":"2024-10-24T17:14:00","date_gmt":"2024-10-24T17:14:00","guid":{"rendered":"https:\/\/laser.it\/?p=3258"},"modified":"2024-10-24T17:14:00","modified_gmt":"2024-10-24T17:14:00","slug":"mic-il-day-after-di-fdi-spano-di-sinistra-non-piaceva-giuli-vada-avanti","status":"publish","type":"post","link":"https:\/\/laser.it\/?p=3258","title":{"rendered":"Mic, il day after di Fdi: &#8220;Spano di sinistra non piaceva, Giuli vada avanti&#8221;"},"content":{"rendered":"<p>(Adnkronos) &#8211; Dopo l&#039;esplosione del caso Francesco Spano (aspettando i risvolti di Report), in casa di Fratelli d&#039;Italia \u00e8 il momento di provare a riportare il sereno e smaltire le tossine. Ma soprattutto, di passare al contrattacco dopo la valanga di polemiche che ha portato alle dimissioni del capo di gabinetto del ministro della Cultura Alessandro Giuli. All&#039;indomani del passo indietro di Spano, incalzato dalle anticipazioni di Report che parlano di una consulenza a suo marito al Maxxi, fonti autorevoli del partito puntualizzano all&#039;Adnkronos che &quot;la poltrona del titolare del Mic non \u00e8 a rischio&quot;, sottolineando come il giornalista goda della stima di Via della Scrofa. Intanto, a Venezia, il titolare della Cultura parla di &quot;chiacchiericcio mediatico ampiamente sopravvalutato&quot; e dice di sentirsi &quot;sostenuto dalla maggioranza&quot;: &quot;Lo testimoniano le dichiarazioni e i miei rapporti quotidiani con il governo e con il partito di maggioranza del governo. Non c&#039;\u00e8 nessun caso Giuli, c&#039;\u00e8 un rapporto di concordia e di volont\u00e0 di andare avanti, con forza, condivisione e serenit\u00e0&quot;, ribatte il ministro. \u00a0Restano, per\u00f2, i malumori interni a Fdi che hanno investito il Mic da quando Giuli ha deciso di affidare le &#039;chiavi&#039; della macchina ministeriale del Collegio romano a Spano, ex direttore dell&#039;Unar (l&#039;Ufficio anti discriminazioni razziali della Presidenza del Consiglio) inviso al mondo Pro Vita dopo un&#039;inchiesta delle Iene che aveva gettato pesanti ombre sul suo operato. Un &quot;nervosismo&quot; di cui la stessa premier Giorgia Meloni non ha fatto mistero mercoled\u00ec nel corso del suo intervento alla festa per gli 80 anni del quotidiano Il Tempo. Oggi per\u00f2 dai piani alti di Via della Scrofa si prova a circoscrivere questo malcontento: Giuli non c&#039;entra &#8211; spiegano alcuni dirigenti del partito &#8211; non \u00e8 lui l&#039;uomo al centro delle fibrillazioni degli ultimi giorni, ma proprio Spano. &quot;Quello che ai nostri non \u00e8 andato gi\u00f9&quot;, ragiona a taccuini chiusi un esponente di Fdi, &quot;\u00e8 il fatto che fosse legato politicamente a un mondo, quello del centrosinistra, che non \u00e8 il nostro&quot;.\u00a0A Spano viene imputato il suo background: dalla guida dell&#039;Unar sotto il governo Gentiloni all&#039;incarico nella Human Foundation, presieduta da Giovanna Melandri, gi\u00e0 ministra della Cultura del centrosinistra. Un passato politico &quot;ingombrante&quot; secondo molti parlamentari di Fdi, che temevano di trovare in Spano un &#039;ostacolo&#039; nelle future interlocuzioni con il Mic su eventuali progetti da promuovere e opere da finanziare. Vengono poi respinte al mittente le insinuazioni su possibili motivazioni omofobe dietro il pressing per farlo dimettere. L&#039;addio del braccio destro di Giuli &quot;non ha nulla a che vedere con la presunta omofobia che in Fdi, come in tutti i partiti italiani, non ha diritto di cittadinanza. Non vorrei diventasse un alibi&quot;, afferma il vicepresidente della Camera Fabio Rampelli.\u00a0Segno tangibile delle tensioni sul caso Spano \u00e8 stato il battibecco di ieri in Transatlantico tra il presidente della Commissione Cultura di Montecitorio Federico Mollicone  e Antonella Giuli, addetta stampa della Camera vicina ad Arianna Meloni e sorella del ministro Alessandro, sotto gli occhi di numerosi testimoni. Lo stesso Mollicone prova a gettare acqua sul fuoco: &quot;Pieno sostegno e massima fiducia ad Alessandro Giuli, con cui porteremo avanti il programma di Fdi e del centrodestra nel campo culturale. Antonella Giuli \u00e8 un&#039;ottima professionista, con cui ho storici rapporti di stima. Le ricostruzioni sono completamente infondate&quot; scrive in una nota il presidente della Commissione. \u00a0Per il responsabile organizzazione di Fdi Giovanni Donzelli la lite tra i due \u00e8 stata &quot;una cosa normale&quot;, sono persone &quot;che si conoscono e si vogliono bene da trent&#039;anni, ci sta. Hanno gi\u00e0 fatto pace&quot;, assicura. Precisazioni e dichiarazioni concilianti che per\u00f2 non riescono del tutto a smorzare il nervosismo in Fdi. Le voci su un Giuli isolato nel partito e in rotta di collisione con Giovanbattista Fazzolari, sottosegretario a Palazzo Chigi con delega all&#039;attuazione del programma, continuano a rincorrersi nei corridoi dei palazzi romani. \u00a0Fazzolari \u00e8 intervenuto con una smentita: &quot;Anche oggi leggo ricostruzioni del tutto inventate sul mio conto. Non c&#039;\u00e8 nessuno scontro tra me e il ministro Giuli. Notizia falsa e pateticamente inventata. Io e Alessandro Giuli ci conosciamo da pi\u00f9 di trent&#039;anni, \u00e8 una persona che stimo e della quale appezzo la grande professionalit\u00e0&quot;. &quot;Gli attacchi scomposti che gli sono stati rivolti da quando \u00e8 diventato ministro sono sconcertanti &#8211; insiste Fazzolari &#8211; e fanno ben capire quanti interessi abbia da difendere la sinistra all&#039;interno del ministero della Cultura&quot;. \u00a0Nelle parole del dominus della comunicazione di Fdi viene tracciata la strada che sar\u00e0 poi percorsa nelle ore successive dai parlamentari meloniani con un battage di comunicati stampa: gli attacchi della sinistra al Mic come &#039;sintomo&#039; della paura di perdere il monopolio della cultura. Il capogruppo alla Camera Tommaso Foti non a caso parla di &quot;cecchinaggio mediatico&quot; contro il governo, &#039;reo&#039; secondo le opposizioni di aver stoppato &quot;certi finanziamenti&quot; a registi e produttori vicini alla sinistra. E il presidente dei deputati Fdi cita a titolo di esempio &quot;i film di Ginevra Elkann che per i suoi clamorosi flop ha goduto di ben tre milioni assegnati dal ministero della Cultura ai tempi del Ministro Franceschini&quot;.\u00a0Intanto il conduttore di Report, Sigfrido Ranucci, continua a diffondere piccoli spoiler per accrescere l&#039;attesa della puntata di domenica prossima. La vicenda Spano &quot;\u00e8 una piccola parte di quello che racconteremo. C&#039;\u00e8 un altro caso che riguarda il ministro Giuli&quot; annuncia a &#039;Un giorno da pecora&#039; Ranucci. E a chi sostiene che il titolare della Cultura non sia particolarmente amato anche da alcuni esponenti di Fdi, il giornalista risponde: &quot;Dopo il servizio di domenica forse chi non ama Giuli in Fratelli d&#039;Italia lo amer\u00e0 ancora meno&#8230;&quot;. (di Antonio Atte)\u00a0\u00a0&#8212;politicawebinfo@adnkronos.com (Web Info)<\/p>\n","protected":false},"excerpt":{"rendered":"<p>(Adnkronos) &#8211; Dopo l&#039;esplosione del caso Francesco Spano (aspettando i risvolti di Report), in casa di Fratelli d&#039;Italia \u00e8 il momento di provare a riportare il sereno e smaltire le tossine. Ma soprattutto, di&#46;&#46;&#46;<\/p>\n","protected":false},"author":1,"featured_media":3259,"comment_status":"open","ping_status":"open","sticky":false,"template":"","format":"standard","meta":{"footnotes":""},"categories":[1],"tags":[2,3],"class_list":["post-3258","post","type-post","status-publish","format-standard","has-post-thumbnail","hentry","category-senza-categoria","tag-adnkronos","tag-ultimora"],"_links":{"self":[{"href":"https:\/\/laser.it\/index.php?rest_route=\/wp\/v2\/posts\/3258","targetHints":{"allow":["GET"]}}],"collection":[{"href":"https:\/\/laser.it\/index.php?rest_route=\/wp\/v2\/posts"}],"about":[{"href":"https:\/\/laser.it\/index.php?rest_route=\/wp\/v2\/types\/post"}],"author":[{"embeddable":true,"href":"https:\/\/laser.it\/index.php?rest_route=\/wp\/v2\/users\/1"}],"replies":[{"embeddable":true,"href":"https:\/\/laser.it\/index.php?rest_route=%2Fwp%2Fv2%2Fcomments&post=3258"}],"version-history":[{"count":1,"href":"https:\/\/laser.it\/index.php?rest_route=\/wp\/v2\/posts\/3258\/revisions"}],"predecessor-version":[{"id":3298,"href":"https:\/\/laser.it\/index.php?rest_route=\/wp\/v2\/posts\/3258\/revisions\/3298"}],"wp:featuredmedia":[{"embeddable":true,"href":"https:\/\/laser.it\/index.php?rest_route=\/wp\/v2\/media\/3259"}],"wp:attachment":[{"href":"https:\/\/laser.it\/index.php?rest_route=%2Fwp%2Fv2%2Fmedia&parent=3258"}],"wp:term":[{"taxonomy":"category","embeddable":true,"href":"https:\/\/laser.it\/index.php?rest_route=%2Fwp%2Fv2%2Fcategories&post=3258"},{"taxonomy":"post_tag","embeddable":true,"href":"https:\/\/laser.it\/index.php?rest_route=%2Fwp%2Fv2%2Ftags&post=3258"}],"curies":[{"name":"wp","href":"https:\/\/api.w.org\/{rel}","templated":true}]}}