{"id":3692,"date":"2024-10-26T13:05:00","date_gmt":"2024-10-26T13:05:00","guid":{"rendered":"https:\/\/laser.it\/?p=3692"},"modified":"2024-10-26T13:05:00","modified_gmt":"2024-10-26T13:05:00","slug":"monica-bellucci-ho-ancora-paura-prima-di-ogni-scena-ed-e-la-mia-forza","status":"publish","type":"post","link":"https:\/\/laser.it\/?p=3692","title":{"rendered":"Monica Bellucci: &#8220;Ho ancora paura prima di ogni scena, ed \u00e8 la mia forza&#8221;"},"content":{"rendered":"<p>(Adnkronos) &#8211; Fare l&#039;attrice &quot;\u00e8 un lavoro dove non si finisce mai di imparare. E ci\u00f2 che mi piace \u00e8 questa tensione, questa paura che ho prima di iniziare un film o prima di entrare in scena, se sono a teatro. Ho fatto tre anni di teatro e la paura non mi ha mai lasciata. All&#039;inizio pensavo fosse una paura iniziale, una sensazione e un tremore che sarebbero svaniti, e invece ce l&#039;ho avuta alla prima al Teatro Marigny di Parigi e all&#039;ultima rappresentazione al Beacon Theatre di New York. Quindi forse la paura \u00e8 una forma di forza, qualcosa che ti d\u00e0 accesso all&#039;anima, per me \u00e8 un motore. Ma \u00e8 anche una forma di profonda sincerit\u00e0, di autenticit\u00e0. E questo il pubblico lo sente tantissimo&quot;. A parlare \u00e8 Monica Bellucci, prima ospite della seconda edizione italiana di &#039;Forces of Fashion&#039;, l&#039;evento organizzato da &#039;Vogue&#039; a Roma, al Mattatoio di Testaccio, in collaborazione con l&#039;Assessorato ai Grandi eventi, Moda, Turismo e Sport di Roma Capitale.\u00a0E ancora, parlando del suo lavoro di attrice: &quot;Quello che mi piace \u00e8 che non so mai cosa succeder\u00e0. Per me \u00e8 molto importante questo. Quando un regista pensa a te per un ruolo a cui tu non avresti mai pensato, ad esempio. E questo \u00e8 un elemento del mio lavoro che mi piace tantissimo&#8230; che le cose vengano. E poi, come dico sempre, per me fare un film &#8211; sottolinea l&#039;attrice &#8211; \u00e8 entrare a far parte di un progetto. Non \u00e8 una questione di minutaggio, nel senso che posso fare un grande ruolo o uno pi\u00f9 piccolo, addirittura &#8211; ricorda &#8211; in &#039;Twin Peaks&#039; ho fatto una sola scena, ma perch\u00e9 quella scena per me era importante. Lavorare con un regista che stimo, poi, mi d\u00e0 delle vibrazioni &#8211; confessa &#8211; perch\u00e9 so che comunque sto imparando qualcosa come attrice e posso ancora migliorare&quot;. \u00a0Monica Bellucci si racconta a tutto tondo parlando del suo lavoro ma anche di temi pi\u00f9 intimi e personali, a partire dalla famiglia e l&#039;amore, passando per i ricordi del passato e degli esordi della sua carriera. Dopo i 60 anni, andando avanti con l&#039;et\u00e0 ci si sente pi\u00f9 leggere e pi\u00f9 libere &quot;e nella vita prende anche forma una sorta di distanza. Certo, resta sempre una grande passione e un grande amore per il lavoro e per quello che si fa&quot; ma &quot;c&#039;\u00e8 una distanza maggiore&quot; perch\u00e9 &quot;ci sono cose pi\u00f9 essenziali, per quanto mi riguarda. Poi ogni donna ha il suo percorso. E io non penso che una donna si ritenga una donna perch\u00e9 fa dei figli, assolutamente, tu puoi fare la scelta di non fare figli, avere la tua vita e il tuo percorso. Io ne ho avuti e questo ha cambiato moltissimo per me, per cui oggi tutto il resto, ancora oggi, viene in secondo piano&quot;. \u00a0L&#039;attrice, cover star del numero di ottobre di Vogue Italia, raccontandosi alla scrittrice e sceneggiatrice Chiara Barzini sul palco di &#039;Forces of Fashion&#039;, sottolinea, ancora: &quot;Ho fatto delle scelte precise, e anche il fatto di aver avuto i figli in tarda et\u00e0, che non \u00e8 assolutamente un esempio da seguire perch\u00e9 comunque si prendono dei rischi, va detto, ma quando ho avuto figli ho avuto anche il tempo di potermene occupare, perch\u00e9 quello era un momento giusto per me&quot;. \u00a0E ancora. Reduce dal film &#039;Beetlejuice Beetlejuice&#039;, diretto dal regista e suo compagno Tim Burton, Bellucci si sofferma sul suo personaggio: &quot;Dolores, la protagonista del film&quot; che &quot;\u00e8 piena di cicatrici. Questo s\u00ec &#8211; dice &#8211; mi fa pensare alla vita e alla metafora della vita, per cui tutti abbiamo tante cicatrici e ferite interiori che hanno toccato la nostra emozione. E penso che nella vita &#8211; prosegue l&#039;attrice &#8211; si debba sempre cercare di andare al di l\u00e0 delle nostre sofferenze, e quando queste vengono ricucite diventano cicatrici. Questo personaggio mi fa pensare molto alla vita, e nei film di Tim (Burton ndr) c&#039;\u00e8 molte volte questo effetto metafora che lascia spazio al sogno, al sogno di ognuno di noi&quot;.\u00a0Sessant&#039;anni compiuti da poco e lo sguardo al futuro che, per Monica Bellucci, significa innanzitutto ringraziare la vita, ogni giorno. &quot;E&#039; l&#039;unica cosa&quot;, dice. &quot;Quando mi fanno notare e mi chiedono dei miei 60 anni, io rispondo che sono in vita, sto bene, e che devo dire grazie tutti i giorni, guardando l&#039;importanza delle piccole cose, delle amicizie, dell&#039;amore, dei figli, di tutto ci\u00f2 che fa la nostra quotidianit\u00e0, che \u00e8 quella che alla fine fa la nostra vita. S\u00ec, poi ogni tanto ci sono avvenimenti eccezionali ma \u00e8 la quotidianit\u00e0 che fa di noi quello che siamo&quot;. \u00a0&#8212;spettacoliwebinfo@adnkronos.com (Web Info)<\/p>\n","protected":false},"excerpt":{"rendered":"<p>(Adnkronos) &#8211; Fare l&#039;attrice &quot;\u00e8 un lavoro dove non si finisce mai di imparare. E ci\u00f2 che mi piace \u00e8 questa tensione, questa paura che ho prima di iniziare un film o prima di&#46;&#46;&#46;<\/p>\n","protected":false},"author":1,"featured_media":3693,"comment_status":"open","ping_status":"open","sticky":false,"template":"","format":"standard","meta":{"footnotes":""},"categories":[1],"tags":[2,3],"class_list":["post-3692","post","type-post","status-publish","format-standard","has-post-thumbnail","hentry","category-senza-categoria","tag-adnkronos","tag-ultimora"],"_links":{"self":[{"href":"https:\/\/laser.it\/index.php?rest_route=\/wp\/v2\/posts\/3692","targetHints":{"allow":["GET"]}}],"collection":[{"href":"https:\/\/laser.it\/index.php?rest_route=\/wp\/v2\/posts"}],"about":[{"href":"https:\/\/laser.it\/index.php?rest_route=\/wp\/v2\/types\/post"}],"author":[{"embeddable":true,"href":"https:\/\/laser.it\/index.php?rest_route=\/wp\/v2\/users\/1"}],"replies":[{"embeddable":true,"href":"https:\/\/laser.it\/index.php?rest_route=%2Fwp%2Fv2%2Fcomments&post=3692"}],"version-history":[{"count":1,"href":"https:\/\/laser.it\/index.php?rest_route=\/wp\/v2\/posts\/3692\/revisions"}],"predecessor-version":[{"id":3711,"href":"https:\/\/laser.it\/index.php?rest_route=\/wp\/v2\/posts\/3692\/revisions\/3711"}],"wp:featuredmedia":[{"embeddable":true,"href":"https:\/\/laser.it\/index.php?rest_route=\/wp\/v2\/media\/3693"}],"wp:attachment":[{"href":"https:\/\/laser.it\/index.php?rest_route=%2Fwp%2Fv2%2Fmedia&parent=3692"}],"wp:term":[{"taxonomy":"category","embeddable":true,"href":"https:\/\/laser.it\/index.php?rest_route=%2Fwp%2Fv2%2Fcategories&post=3692"},{"taxonomy":"post_tag","embeddable":true,"href":"https:\/\/laser.it\/index.php?rest_route=%2Fwp%2Fv2%2Ftags&post=3692"}],"curies":[{"name":"wp","href":"https:\/\/api.w.org\/{rel}","templated":true}]}}