{"id":3718,"date":"2024-10-26T15:36:00","date_gmt":"2024-10-26T15:36:00","guid":{"rendered":"https:\/\/laser.it\/?p=3718"},"modified":"2024-10-26T15:36:00","modified_gmt":"2024-10-26T15:36:00","slug":"fermiamo-le-guerre-da-roma-a-milano-cortei-in-7-citta","status":"publish","type":"post","link":"https:\/\/laser.it\/?p=3718","title":{"rendered":"&#8220;Fermiamo le guerre&#8221;, da Roma a Milano cortei in 7 citt\u00e0"},"content":{"rendered":"<p>(Adnkronos) &#8211; \u00c8 partito da Piramide a Roma il corteo per chiedere il cessate il fuoco a Gaza, in Medio Oriente, in Ucraina e in tutti i conflitti in corso nel mondo. Ad aprire la manifestazione lo striscione &quot;Fermiamo le guerre, il tempo della pace \u00e8 ora&quot;. La mobilitazione nazionale, che si svolge contemporaneamente in sette citt\u00e0 italiane, \u00e8 promossa da Europe for Peace, Rete italiana Pace e Disarmo, Fondazione PerugiAssisi per la cultura della pace, AssisiPaceGiusta, Sbilanciamoci ed \u00e8 sostenuta da oltre 350 organizzazioni della societ\u00e0 civile. In piazza sono presenti tra gli altri il segretario generale della Cgil Maurizio Landini, Nicola Fratoianni e Angelo Bonelli di Avs, per il Pd Nicola Zingaretti. \u00a0Anche a Milano il corteo &quot;Fermiamo le guerre. Il tempo della pace \u00e8 ora\u201d. Sotto la pioggia un migliaio di persone si sono messe in marcia dall&#039;Arco della pace per arrivare in piazza della Scala: bandiere palestinesi, libanesi e kefiah per dire no alla guerra: in Medio Oriente come in Ucraina. In piazza l\u2019associazionismo cattolico e la sinistra con la Cgil, il Pd, Verdi e Sinistra italiana. Sono centinaia le sigle che hanno aderito alla mobilitazione nazionale. \u00a0Emanuele Fiano, esponente del Partito democratico, sottolinea a margine della manifestazione di non essere d&#039;accordo con alcuni striscioni presenti in piazza sullo stop al genocidio: &quot;Quello che accade a Gaza \u00e8 un tragedia ma non \u00e8 un genocidio: non c&#039;\u00e8 un progetto di eliminazione sistematica di un popolo&quot;. Sull&#039;assenza di bandiere israeliane: &quot;Spiace non vederle: il tono di un certo tipo di manifestazioni &#8211; non di questa &#8211; non era certo invitante per gli israeliani e per chi voleva la bandiera di Israele&quot;. In piazza alcuni scandiscono: &quot;Pace, terra, dignit\u00e0&quot;. Uno striscione recita: &quot;Siamo tutti ebrei e palestinesi, russi e ucraini: l&#039;umanit\u00e0 non ha confini&quot;. Alcuni militanti di Rifondazione comunista intonano lo slogan: &quot;Fuori l&#039;Italia dalla Nato&quot;. \u00a0\u00a0&#8212;cronacawebinfo@adnkronos.com (Web Info)<\/p>\n","protected":false},"excerpt":{"rendered":"<p>(Adnkronos) &#8211; \u00c8 partito da Piramide a Roma il corteo per chiedere il cessate il fuoco a Gaza, in Medio Oriente, in Ucraina e in tutti i conflitti in corso nel mondo. Ad aprire&#46;&#46;&#46;<\/p>\n","protected":false},"author":1,"featured_media":3719,"comment_status":"open","ping_status":"open","sticky":false,"template":"","format":"standard","meta":{"footnotes":""},"categories":[1],"tags":[2,3],"class_list":["post-3718","post","type-post","status-publish","format-standard","has-post-thumbnail","hentry","category-senza-categoria","tag-adnkronos","tag-ultimora"],"_links":{"self":[{"href":"https:\/\/laser.it\/index.php?rest_route=\/wp\/v2\/posts\/3718","targetHints":{"allow":["GET"]}}],"collection":[{"href":"https:\/\/laser.it\/index.php?rest_route=\/wp\/v2\/posts"}],"about":[{"href":"https:\/\/laser.it\/index.php?rest_route=\/wp\/v2\/types\/post"}],"author":[{"embeddable":true,"href":"https:\/\/laser.it\/index.php?rest_route=\/wp\/v2\/users\/1"}],"replies":[{"embeddable":true,"href":"https:\/\/laser.it\/index.php?rest_route=%2Fwp%2Fv2%2Fcomments&post=3718"}],"version-history":[{"count":1,"href":"https:\/\/laser.it\/index.php?rest_route=\/wp\/v2\/posts\/3718\/revisions"}],"predecessor-version":[{"id":3732,"href":"https:\/\/laser.it\/index.php?rest_route=\/wp\/v2\/posts\/3718\/revisions\/3732"}],"wp:featuredmedia":[{"embeddable":true,"href":"https:\/\/laser.it\/index.php?rest_route=\/wp\/v2\/media\/3719"}],"wp:attachment":[{"href":"https:\/\/laser.it\/index.php?rest_route=%2Fwp%2Fv2%2Fmedia&parent=3718"}],"wp:term":[{"taxonomy":"category","embeddable":true,"href":"https:\/\/laser.it\/index.php?rest_route=%2Fwp%2Fv2%2Fcategories&post=3718"},{"taxonomy":"post_tag","embeddable":true,"href":"https:\/\/laser.it\/index.php?rest_route=%2Fwp%2Fv2%2Ftags&post=3718"}],"curies":[{"name":"wp","href":"https:\/\/api.w.org\/{rel}","templated":true}]}}