{"id":3964,"date":"2024-10-28T13:17:03","date_gmt":"2024-10-28T13:17:03","guid":{"rendered":"https:\/\/laser.it\/?p=3964"},"modified":"2024-10-28T13:17:03","modified_gmt":"2024-10-28T13:17:03","slug":"olivari-ipsen-impegnati-in-rs-per-sviluppare-nuove-terapie-post-ictus","status":"publish","type":"post","link":"https:\/\/laser.it\/?p=3964","title":{"rendered":"Olivari (Ipsen): &#8220;Impegnati in R&amp;S per sviluppare nuove terapie post-ictus&#8221;"},"content":{"rendered":"<p>(Adnkronos) &#8211; &quot;Ipsen da sempre \u00e8 impegnata nell&#039;ambito delle neuroscienze, oltre che dell&#039;oncologia e delle malattie rare. Nelle neuroscienze siamo al lavoro per dare risposte ai bisogni dei pazienti, in particolar modo nelle fasi di post-ictus, grazie agli investimenti in R&amp;S per sviluppare nuove e importanti soluzioni terapeutiche, al fine di migliorare la qualit\u00e0 di vita delle persone che sviluppano spasticit\u00e0 post-ictus&quot;. Cos\u00ec all&#039;Adnkronos Salute Patrizia Olivari, presidente e amministratore delegato di Ipsen Italia, azienda biofarmaceutica globale, alla vigilia della Giornata mondiale dell&#039;ictus (World Stroke Day) che si celebra il 29 ottobre.\u00a0Secondo un&#039;indagine qualitativa di Elma research, solo un quarto dei pazienti intervistati si dichiara ben informato sulla spasticit\u00e0 post-ictus, e soltanto 5mila persone ricevono il trattamento adeguato. &quot;Oltre a investire in ricerca e sviluppo, per noi di Ipsen \u00e8 importante lavorare in partnership con le associazioni di pazienti, le societ\u00e0 scientifiche e le istituzioni &#8211; sottolinea Olivari &#8211; al fine di garantire percorsi multidisciplinari appropriati, per permettere a tutti i pazienti con spasticit\u00e0 post-ictus di poter avere una vita normale&quot;.\u00a0&quot;Dobbiamo anche sottolineare l&#039;importanza dell&#039;ascolto, un elemento che da sempre ci contraddistingue e che va oltre la terapia, per abbracciare i bisogni delle persone &#8211; conclude Olivari &#8211; Come azienda riteniamo fondamentale favorire una visione di insieme rispetto a tutto il percorso che le persone con spasticit\u00e0 post-ictus vivono con i loro caregiver e le famiglie. Per questo, a partire dall&#039;ascolto delle esperienze, ci stiamo impegnando per favorire l&#039;emergere di percorsi innovativi di gestione della spasticit\u00e0&quot;.\u00a0&#8212;salutewebinfo@adnkronos.com (Web Info)<\/p>\n","protected":false},"excerpt":{"rendered":"<p>(Adnkronos) &#8211; &quot;Ipsen da sempre \u00e8 impegnata nell&#039;ambito delle neuroscienze, oltre che dell&#039;oncologia e delle malattie rare. Nelle neuroscienze siamo al lavoro per dare risposte ai bisogni dei pazienti, in particolar modo nelle fasi&#46;&#46;&#46;<\/p>\n","protected":false},"author":1,"featured_media":3965,"comment_status":"open","ping_status":"open","sticky":false,"template":"","format":"standard","meta":{"footnotes":""},"categories":[1],"tags":[2,3],"class_list":["post-3964","post","type-post","status-publish","format-standard","has-post-thumbnail","hentry","category-senza-categoria","tag-adnkronos","tag-ultimora"],"_links":{"self":[{"href":"https:\/\/laser.it\/index.php?rest_route=\/wp\/v2\/posts\/3964","targetHints":{"allow":["GET"]}}],"collection":[{"href":"https:\/\/laser.it\/index.php?rest_route=\/wp\/v2\/posts"}],"about":[{"href":"https:\/\/laser.it\/index.php?rest_route=\/wp\/v2\/types\/post"}],"author":[{"embeddable":true,"href":"https:\/\/laser.it\/index.php?rest_route=\/wp\/v2\/users\/1"}],"replies":[{"embeddable":true,"href":"https:\/\/laser.it\/index.php?rest_route=%2Fwp%2Fv2%2Fcomments&post=3964"}],"version-history":[{"count":1,"href":"https:\/\/laser.it\/index.php?rest_route=\/wp\/v2\/posts\/3964\/revisions"}],"predecessor-version":[{"id":3981,"href":"https:\/\/laser.it\/index.php?rest_route=\/wp\/v2\/posts\/3964\/revisions\/3981"}],"wp:featuredmedia":[{"embeddable":true,"href":"https:\/\/laser.it\/index.php?rest_route=\/wp\/v2\/media\/3965"}],"wp:attachment":[{"href":"https:\/\/laser.it\/index.php?rest_route=%2Fwp%2Fv2%2Fmedia&parent=3964"}],"wp:term":[{"taxonomy":"category","embeddable":true,"href":"https:\/\/laser.it\/index.php?rest_route=%2Fwp%2Fv2%2Fcategories&post=3964"},{"taxonomy":"post_tag","embeddable":true,"href":"https:\/\/laser.it\/index.php?rest_route=%2Fwp%2Fv2%2Ftags&post=3964"}],"curies":[{"name":"wp","href":"https:\/\/api.w.org\/{rel}","templated":true}]}}