{"id":4735,"date":"2024-10-31T00:22:19","date_gmt":"2024-10-31T00:22:19","guid":{"rendered":"https:\/\/laser.it\/?p=4735"},"modified":"2024-10-31T00:22:19","modified_gmt":"2024-10-31T00:22:19","slug":"scuola-oggi-sciopero-generale-stop-di-24-ore-di-docenti-e-personale","status":"publish","type":"post","link":"https:\/\/laser.it\/?p=4735","title":{"rendered":"Scuola, oggi sciopero generale: stop di 24 ore di docenti e personale"},"content":{"rendered":"<p>(Adnkronos) &#8211; Lavoratori della scuola in sciopero oggi, gioved\u00ec 31 ottobre, con lo stop generale di 24 ore di docenti e personale Ata. La mobilitazione, proclamata da Flc Cgil, sar\u00e0 animata in tutta Italia da manifestazioni, pres\u00ecdi e flash mob previsti in 40 citt\u00e0 e riguarder\u00e0 anche personale dell&#039;universit\u00e0 e degli enti di ricerca, accademie e conservatori e Istituti Aninsei.\u00a0<br \/>\nAlla base della protesta c&#039;\u00e8 la rivendicazione di &quot;un contratto giusto e un lavoro stabile&quot;. La legge di bilancio presentata in Parlamento nei giorni scorsi, infatti, &quot;non prevede &#8211; si legge in una nota -risorse aggiuntive per i rinnovi contrattuali 2022-2024 e non risolve il problema del potere d\u2019acquisto dei salari a fronte del 18% circa di inflazione. A questo si aggiunge l\u2019annoso problema del precariato: un lavoratore su quattro fra ATA e docenti non ha un contratto stabile e questo arreca un danno non solo alle vite di lavoratrici e lavoratori, ma anche alla didattica e alle studentesse e agli studenti&quot;.\u00a0\u201cLa Flc Cgil ha indetto lo sciopero anche per affermare un\u2019idea di scuola democratica, in netta contrapposizione con le riforme regressive e autoritarie del ministro Valditara \u2013 dichiara Gianna Fracassi, segretaria generale della Federazione dei Lavoratori della Conoscenza Cgil \u2013. In queste due importanti date di mobilitazione ribadiremo la nostra opposizione alla filiera tecnologico-professionale che riduce l\u2019offerta formativa consegnandola ai privati, e al liceo made in Italy che risponde a una visione aziendalistica dell\u2019istruzione. Abbiamo pi\u00f9 volte espresso preoccupazione per i nuovi strumenti di valutazione basati su criteri selettivi e punitivi e per la revisione delle indicazioni nazionali e delle linee guida dell\u2019educazione civica ispirate all\u2019individualismo e al culto della nazione e del profitto. Per non parlare dell\u2019istituzione di classi \u201cdifferenziali\u201d per alunni non italofoni. Il Governo e il Ministero dell\u2019Istruzione e del Merito non hanno ascoltato le nostre ragioni. Saremo in piazza il 31 ottobre e il 15 novembre con gli studenti e le studentesse per riaffermare il protagonismo di chi la scuola la vive e la attraversa quotidianamente\u201d.\u00a0<br \/>\nABRUZZO<br \/>\n\u00a0L\u2019Aquila: presidio c\/o Prefettura, Corso Federico II, dalle ore 10:30.\u00a0Teramo: presidio davanti l\u2019USP, Largo San Matteo, dalle ore 10:30.\u00a0Chieti\/Pescara: presidio davanti l\u2019USP di Chieti\/Pescara, Via Passolanciano, dalle ore 10:30.\u00a0<br \/>\nBASILICATA\u00a0\u00a0Presidio regionale a Potenza presso l\u2019Ufficio Scolastico Regionale, Via Don Minozzi, 39.\u00a0<br \/>\nCALABRIA<br \/>\n\u00a0Manifestazione presso l\u2019Ufficio Scolastico Regionale, Lungomare Stefano Pugliese, 259, Catanzaro Lido, dalle ore 10:00 alle 12:30.\u00a0<br \/>\nCAMPANIA<br \/>\n\u00a0Presidio regionale a Napoli presso l\u2019Ufficio Scolastico Regionale, Via Ponte della Maddalena, 55, dalle ore 10:00.\u00a0<br \/>\nEMILIA ROMAGNA<br \/>\n\u00a0Bologna: concentramento\/manifestazione presso la Prefettura, Piazza Roosevelt, dalle ore 9:00.\u00a0Ferrara: presidio presso la Prefettura, Corso Ercole | d\u2019Este, dalle ore 11:00 alle 12:00.\u00a0Forl\u00ec-Cesena: presidio presso la Prefettura di Forl\u00ec, Piazza Ordelaffi, dalle ore 9:30.\u00a0Modena: presidio presso la Prefettura, Viale dei Martiri della Libert\u00e0, 34, dalle ore 10:00.\u00a0Parma: Presidio presso la Prefettura, dalle ore 9:00.\u00a0Piacenza: presidio presso la Prefettura, Via S. Giovanni, 17, dalle ore 10:00 alle 12:00.\u00a0Ravenna: sit-in presso la Prefettura, Piazza del Popolo, dalle ore 10:30 alle 12:00.\u00a0Reggio Emilia: Presidio\/manifestazione ore 7:30, Polo scolastico di via Makall\u00e9, ore 9:00, Prefettura.\u00a0Rimini: presidio presso la Prefettura, Via IV Novembre, 40, dalle ore 10:00 alle 12:00.\u00a0<br \/>\nFRIULI VENEZIA GIULIA<br \/>\n\u00a0Manifestazione regionale a Udine con Spi Cgil, Piazza Venerio, dalle ore 10:00.\u00a0<br \/>\nLAZIO<br \/>\n\u00a0Manifestazione regionale al MIM in viale Trastevere, Roma, dalle ore 10:00.\u00a0<br \/>\nLIGURIA<br \/>\n\u00a0Presidio regionale presso la Prefettura di Genova, Largo Eros Lanfranco, 1, dalle ore 10:30.\u00a0<br \/>\nLOMBARDIA<br \/>\n\u00a0Manifestazione regionale con presidio in Piazza Santo Stefano a Milano ore 9:30. Contributo delle delegate e dei delegati FLC CGIL, intervento di Alessandro Pagano, Segretario generale CGIL Lombardia, conclusioni di Gianna Fracassi, Segretaria generale FLC CGIL.\u00a0<br \/>\nMARCHE<br \/>\n\u00a0Presidio regionale ad Ancona, Piazza Roma, dalle ore 9:30.\u00a0<br \/>\nMOLISE<br \/>\n\u00a0Presidio a Campobasso presso l\u2019Ufficio Scolastico Regionale, Via Garibaldi, 25, dalle ore 9:30. Vista la concomitanza con la giornata della memoria in ricordo delle 28 vittime del terremoto nella scuola di San Giuliano di Puglia, una delegazione raggiunger\u00e0 il luogo delle celebrazioni.\u00a0<br \/>\nPIEMONTE<br \/>\n\u00a0Manifestazione regionale a Torino con presidio presso l\u2019Ufficio Scolastico Regionale, Corso Vittorio Emanuele 70, dalle ore 10:30.\u00a0<br \/>\nPUGLIA<br \/>\n\u00a0Manifestazione regionale a Bari con presidio all\u2019Ufficio Scolastico Regionale, Via Sigismondo Castromediano, 123, dalle ore 10:00.\u00a0<br \/>\nSARDEGNA<br \/>\n\u00a0Nuoro, Piazza Vittorio Emanuele, dalle ore 10:00.\u00a0Oristano, Piazza Roma, dalle ore 10:00.\u00a0Santa Teresa Gallura, davanti all&#039;istituto comprensivo, dalle ore 10:00.\u00a0Villanovafranca, Piazza Risorgimento, dalle ore 10:00.\u00a0<br \/>\nSICILIA<br \/>\n\u00a0Presidio regionale a Palermo presso la Prefettura, Via Cavour, dalle ore 9:30 alle 13:30.\u00a0<br \/>\nTOSCANA<br \/>\n\u00a0Manifestazione regionale presso la Prefettura di Firenze, Via Cavour, con successivo spostamento presso Mandela Forum a manifestazione SPI Regionale.\u00a0<br \/>\nTRENTINO ALTO ADIGE<br \/>\n\u00a0Trento: campagna di assemblee per il rinnovo CCNI Provinciale con CGIL ed FP tra ottobre e dicembre. Il 25 ottobre manifestazione per il clima, il 31 scuole chiuse.\u00a0Bolzano: il 17 ottobre trattativa per contratto il Provinciale. Entro il 31 ottobre assemblea con i delegati, dal 28 ottobre scuole chiuse. Settimana 4-8 novembre assemblee col personale per illustrare conseguenze su CCNI di Bolzano.\u00a0<br \/>\nUMBRIA<br \/>\n\u00a0Perugia: presidio in Piazza dell\u2019Universit\u00e0, dalle ore 10:30 alle 12:30.\u00a0Terni: presidio presso UST, Via Aurelio Saffi, 4, dalle ore 9:30 alle 12:00.\u00a0<br \/>\nVALLE D&#039;AOSTA<br \/>\n\u00a0Assemblea provinciale presso CGIL Aosta per il personale in sciopero.\u00a0<br \/>\nVENETO<br \/>\n\u00a0Belluno, Piazza Duomo, dalle ore 11:00 alle 13:00.\u00a0Padova, Piazza Antenore, davanti alla Prefettura, dalle ore 10:00.\u00a0Rovigo, Piazza Garibaldi, 150 metri dal liceo Roccati, dalle ore 8:00 alle 12:00.\u00a0Treviso, Piazza dei Signori\/Piazzetta Aldo Moro, dalle ore 11:00.\u00a0Venezia, Campo San Geremia, dalle ore 10:00.\u00a0Verona, Piazzale Guardini, ingresso IT Marconi e IP Fermi, dalle ore 8.00 alle 12.00.\u00a0Vicenza, Via Borgo Scroffa, 2 di fronte l\u2019Ufficio Scolastico Territoriale, dalle ore 10:00 alle 13:00.\u00a0\u00a0&#8212;cronacawebinfo@adnkronos.com (Web Info)<\/p>\n","protected":false},"excerpt":{"rendered":"<p>(Adnkronos) &#8211; Lavoratori della scuola in sciopero oggi, gioved\u00ec 31 ottobre, con lo stop generale di 24 ore di docenti e personale Ata. La mobilitazione, proclamata da Flc Cgil, sar\u00e0 animata in tutta Italia&#46;&#46;&#46;<\/p>\n","protected":false},"author":1,"featured_media":4736,"comment_status":"open","ping_status":"open","sticky":false,"template":"","format":"standard","meta":{"footnotes":""},"categories":[1],"tags":[2,3],"class_list":["post-4735","post","type-post","status-publish","format-standard","has-post-thumbnail","hentry","category-senza-categoria","tag-adnkronos","tag-ultimora"],"_links":{"self":[{"href":"https:\/\/laser.it\/index.php?rest_route=\/wp\/v2\/posts\/4735","targetHints":{"allow":["GET"]}}],"collection":[{"href":"https:\/\/laser.it\/index.php?rest_route=\/wp\/v2\/posts"}],"about":[{"href":"https:\/\/laser.it\/index.php?rest_route=\/wp\/v2\/types\/post"}],"author":[{"embeddable":true,"href":"https:\/\/laser.it\/index.php?rest_route=\/wp\/v2\/users\/1"}],"replies":[{"embeddable":true,"href":"https:\/\/laser.it\/index.php?rest_route=%2Fwp%2Fv2%2Fcomments&post=4735"}],"version-history":[{"count":1,"href":"https:\/\/laser.it\/index.php?rest_route=\/wp\/v2\/posts\/4735\/revisions"}],"predecessor-version":[{"id":4743,"href":"https:\/\/laser.it\/index.php?rest_route=\/wp\/v2\/posts\/4735\/revisions\/4743"}],"wp:featuredmedia":[{"embeddable":true,"href":"https:\/\/laser.it\/index.php?rest_route=\/wp\/v2\/media\/4736"}],"wp:attachment":[{"href":"https:\/\/laser.it\/index.php?rest_route=%2Fwp%2Fv2%2Fmedia&parent=4735"}],"wp:term":[{"taxonomy":"category","embeddable":true,"href":"https:\/\/laser.it\/index.php?rest_route=%2Fwp%2Fv2%2Fcategories&post=4735"},{"taxonomy":"post_tag","embeddable":true,"href":"https:\/\/laser.it\/index.php?rest_route=%2Fwp%2Fv2%2Ftags&post=4735"}],"curies":[{"name":"wp","href":"https:\/\/api.w.org\/{rel}","templated":true}]}}