{"id":4951,"date":"2024-10-31T19:19:18","date_gmt":"2024-10-31T19:19:18","guid":{"rendered":"https:\/\/laser.it\/?p=4951"},"modified":"2024-10-31T19:19:18","modified_gmt":"2024-10-31T19:19:18","slug":"roma-torino-in-panchina-juric-ma-e-la-partita-di-friedkin-e-di-mister-x","status":"publish","type":"post","link":"https:\/\/laser.it\/?p=4951","title":{"rendered":"Roma-Torino, in panchina Juric ma \u00e8 la partita di Friedkin e di mister X"},"content":{"rendered":"<p>(Adnkronos) &#8211; Si gioca Roma-Torino e in panchina c&#039;\u00e8, ancora, Ivan Juric. La partita dell&#039;Olimpico \u00e8 un passaggio chiave dell&#039;ennesima settimana di confusione intorno alla societ\u00e0 di Dan e Ryan Friedkin. Si gioca in una atmosfera sospesa, in attesa di una svolta che sembra comunque inevitabile, a prescindere dal risultato. Con la propriet\u00e0 lontana, e ostinatamente in silenzio, le indiscrezioni che si raccolgono sono sempre, necessariamente, parziali. Dipendono dalla fonte che le riporta e dalla vicinanza, quasi sempre poca, all&#039;unica versione realmente attendibile, quella che solo i proprietari americani possono esprimere. \u00a0Sulla panchina della Roma aleggia il profilo di un &#039;mister X&#039;, quello che alla fine sar\u00e0 la scelta di Dan e Ryan Friedkin nel caso in cui si arrivasse, e la logica lascia prevedere che sia cos\u00ec, all&#039;esonero di Juric. Secondo quello che l&#039;Adnkronos \u00e8 in grado di ricostruire, in questo scenario che inevitabilmente pu\u00f2 subire continue e imprevedibili evoluzioni, ci sono diverse opzioni ancora aperte, compresa quella di un ritorno di Daniele De Rossi. \u00a0La risposta di Florent Ghisolfi al capitano Lorenzo Pellegrini, che escluderebbe il riavvicinamento con l&#039;allenatore che era stato scelto per un progetto triennale e che \u00e8 stato esonerato dopo quattro giornate di campionato, non chiuderebbe definitivamente la porta alla soluzione che sarebbe pi\u00f9 gradita ai giocatori e ai tifosi della Roma. Dovrebbe passare per un chiarimento che ancora non c&#039;\u00e8 stato e dovrebbe anche superare un&#039;impasse che sarebbe dettata anche da opinioni divergenti tra Dan e Ryan Friedkin. Ma resta una delle carte in mano alla propriet\u00e0 americana.\u00a0I contatti con gli allenatori selezionati dalla agenzia di &#039;recruiting manager&#039; a cui fa riferimento ci sono stati ma ci sono anche ancora dubbi sulla scelta finale. Sia per ragioni economiche sia per ragioni legate alla durata del contratto da offrire. A pesare ci sarebbe per\u00f2 anche il rapporto ormai compromesso con la citt\u00e0. I Friedkin non hanno pi\u00f9 messo piede a Roma dopo l&#039;esonero di De Rossi e, se \u00e8 vero che non hanno intenzione di mostrarsi arrendevoli rispetto alle pressioni, soprattutto quelle dei giocatori che vengono considerati quantomeno corresponsabili dei cattivi risultati, potrebbero alla fine optare per una decisione che possa riportare l&#039;entusiasmo completamente polverizzato negli ultimi 40 giorni. Per questo, mister X pu\u00f2 essere un nome in grado di mettere d&#039;accordo tutti o quasi, un allenatore di primo piano tra quelli che sono sul mercato o, con un passo indietro, proprio Daniele De Rossi. (Di Fabio Insenga)\u00a0\u00a0&#8212;sportwebinfo@adnkronos.com (Web Info)<\/p>\n","protected":false},"excerpt":{"rendered":"<p>(Adnkronos) &#8211; Si gioca Roma-Torino e in panchina c&#039;\u00e8, ancora, Ivan Juric. La partita dell&#039;Olimpico \u00e8 un passaggio chiave dell&#039;ennesima settimana di confusione intorno alla societ\u00e0 di Dan e Ryan Friedkin. Si gioca in&#46;&#46;&#46;<\/p>\n","protected":false},"author":1,"featured_media":4952,"comment_status":"open","ping_status":"open","sticky":false,"template":"","format":"standard","meta":{"footnotes":""},"categories":[1],"tags":[2,3],"class_list":["post-4951","post","type-post","status-publish","format-standard","has-post-thumbnail","hentry","category-senza-categoria","tag-adnkronos","tag-ultimora"],"_links":{"self":[{"href":"https:\/\/laser.it\/index.php?rest_route=\/wp\/v2\/posts\/4951","targetHints":{"allow":["GET"]}}],"collection":[{"href":"https:\/\/laser.it\/index.php?rest_route=\/wp\/v2\/posts"}],"about":[{"href":"https:\/\/laser.it\/index.php?rest_route=\/wp\/v2\/types\/post"}],"author":[{"embeddable":true,"href":"https:\/\/laser.it\/index.php?rest_route=\/wp\/v2\/users\/1"}],"replies":[{"embeddable":true,"href":"https:\/\/laser.it\/index.php?rest_route=%2Fwp%2Fv2%2Fcomments&post=4951"}],"version-history":[{"count":1,"href":"https:\/\/laser.it\/index.php?rest_route=\/wp\/v2\/posts\/4951\/revisions"}],"predecessor-version":[{"id":4959,"href":"https:\/\/laser.it\/index.php?rest_route=\/wp\/v2\/posts\/4951\/revisions\/4959"}],"wp:featuredmedia":[{"embeddable":true,"href":"https:\/\/laser.it\/index.php?rest_route=\/wp\/v2\/media\/4952"}],"wp:attachment":[{"href":"https:\/\/laser.it\/index.php?rest_route=%2Fwp%2Fv2%2Fmedia&parent=4951"}],"wp:term":[{"taxonomy":"category","embeddable":true,"href":"https:\/\/laser.it\/index.php?rest_route=%2Fwp%2Fv2%2Fcategories&post=4951"},{"taxonomy":"post_tag","embeddable":true,"href":"https:\/\/laser.it\/index.php?rest_route=%2Fwp%2Fv2%2Ftags&post=4951"}],"curies":[{"name":"wp","href":"https:\/\/api.w.org\/{rel}","templated":true}]}}