{"id":4953,"date":"2024-10-31T19:17:00","date_gmt":"2024-10-31T19:17:00","guid":{"rendered":"https:\/\/laser.it\/?p=4953"},"modified":"2024-10-31T19:17:00","modified_gmt":"2024-10-31T19:17:00","slug":"gemmato-polemiche-sul-sottosegretario-ma-lui-sinistra-bugiarda-nessun-conflitto-dinteresse","status":"publish","type":"post","link":"https:\/\/laser.it\/?p=4953","title":{"rendered":"Gemmato, polemiche sul sottosegretario. Ma lui: &#8220;Sinistra bugiarda, nessun conflitto d&#8217;interesse&#8221;"},"content":{"rendered":"<p>(Adnkronos) &#8211; &quot;Una sinistra bugiarda e rancorosa che non sa pi\u00f9 a cosa appigliarsi&quot;. Cos\u00ec, in un post su Facebook, il sottosegretario alla Salute Marcello Gemmato replica agli attacchi delle opposizioni per il caso Therapia Srl, societ\u00e0 che gestisce tre poliambulatori a Bitonto e che sul sito propone di affidarsi ai suoi servizi &quot;senza dover attendere i lunghi tempi del Servizio Sanitario Pubblico&quot;.\u00a0&quot;Le polemiche stanno a zero&quot; si difende l&#039;esponente di Fdi, che spiega: &quot;Ho il 10% di una societ\u00e0 senza averne alcuna responsabilit\u00e0 di gestione (figuriamoci poi dei contenuti del sito internet); non esiste alcun conflitto di interessi come certifica il Garante della concorrenza; con il governo Meloni e il ministro Schillaci ci stiamo occupando del problema delle liste di attesa creato dalla mala gestione di decenni di sinistra al governo&quot;, conclude Gemmato allegando la lettera con il parere dell&#039;Autorit\u00e0 garante della concorrenza e del marcato.\u00a0Il post di Gemmato viene condiviso dal deputato e responsabile organizzazione di Fratelli d&#039;Italia, Giovanni Donzelli. &quot;Ogni elezione che perdono reagiscono scendendo un gradino di pi\u00f9 oltre il ridicolo &#8211; scrive su Facebook &#8211; Dopo la Liguria \u00e8 partita una crociata senza senso contro il sottosegretario Gemmato. Invece di chiedersi perch\u00e9 non vengono scelti dagli italiani ed elaborare una proposta credibile, pensano di risolvere tutto attaccando e delegittimando personalmente qualcuno di centrodestra. Andiamo avanti con serenit\u00e0 e determinazione&quot;. \u00a0Elly Schlein chiede le dimissioni del sottosegretario alla Salute. &quot;Lo abbiamo sempre detto. La destra non sta smantellando la sanit\u00e0 pubblica per sciatteria, ma per un preciso disegno. E chi ci guadagna? Solo loro, la destra. Lo spot della clinica privata, di cui il sottosegretario Gemmato \u00e8 socio, \u00e8 un insulto ai quei 4,5 milioni di italiani che hanno gi\u00e0 rinunciato a curarsi proprio a causa di quelle liste d\u2019attesa che la clinica promette di far saltare&quot;, scrive la leader dem sui social.\u00a0&quot;Ormai \u00e8 chiaro, anche l\u2019eliminazione dalla manovra del piano di assunzioni straordinario che avevano promesso \u00e8 un modo per favorire la sanit\u00e0 privata, la loro sanit\u00e0 privata. \u00c8 assolutamente evidente che un sottosegretario alla Salute con un palese conflitto di interessi non possa rimanere un minuto di pi\u00f9 in quel ruolo. Piuttosto Giorgia Meloni chiarisca come abbia potuto nominare in un ruolo cos\u00ec delicato, di amministrazione della sanit\u00e0 pubblica, una persona cos\u00ec gi\u00e0 tanto esposta nel settore della sanit\u00e0 privata\u201d, conclude la leader dem.\u00a0<br \/>\nGiuseppe Conte, presidente del Movimento 5 Stelle, nella conferenza stampa &#039;Quale antimafia&#039; al Senato scandisce che il conflitto di interessi &quot;\u00e8 in un sottosegretario alla Salute che sta facendo pubblicit\u00e0, da socio proprietario di una clinica privata, che da lui le file non ci sono, a differenza che nella sanit\u00e0 pubblica. Questo \u00e8 un conflitto d&#039;interessi tra i tanti che queste forze di maggioranza hanno&quot;, attacca Conte. \u00a0\u00a0&#8212;politicawebinfo@adnkronos.com (Web Info)<\/p>\n","protected":false},"excerpt":{"rendered":"<p>(Adnkronos) &#8211; &quot;Una sinistra bugiarda e rancorosa che non sa pi\u00f9 a cosa appigliarsi&quot;. Cos\u00ec, in un post su Facebook, il sottosegretario alla Salute Marcello Gemmato replica agli attacchi delle opposizioni per il caso&#46;&#46;&#46;<\/p>\n","protected":false},"author":1,"featured_media":4954,"comment_status":"open","ping_status":"open","sticky":false,"template":"","format":"standard","meta":{"footnotes":""},"categories":[1],"tags":[2,3],"class_list":["post-4953","post","type-post","status-publish","format-standard","has-post-thumbnail","hentry","category-senza-categoria","tag-adnkronos","tag-ultimora"],"_links":{"self":[{"href":"https:\/\/laser.it\/index.php?rest_route=\/wp\/v2\/posts\/4953","targetHints":{"allow":["GET"]}}],"collection":[{"href":"https:\/\/laser.it\/index.php?rest_route=\/wp\/v2\/posts"}],"about":[{"href":"https:\/\/laser.it\/index.php?rest_route=\/wp\/v2\/types\/post"}],"author":[{"embeddable":true,"href":"https:\/\/laser.it\/index.php?rest_route=\/wp\/v2\/users\/1"}],"replies":[{"embeddable":true,"href":"https:\/\/laser.it\/index.php?rest_route=%2Fwp%2Fv2%2Fcomments&post=4953"}],"version-history":[{"count":1,"href":"https:\/\/laser.it\/index.php?rest_route=\/wp\/v2\/posts\/4953\/revisions"}],"predecessor-version":[{"id":4958,"href":"https:\/\/laser.it\/index.php?rest_route=\/wp\/v2\/posts\/4953\/revisions\/4958"}],"wp:featuredmedia":[{"embeddable":true,"href":"https:\/\/laser.it\/index.php?rest_route=\/wp\/v2\/media\/4954"}],"wp:attachment":[{"href":"https:\/\/laser.it\/index.php?rest_route=%2Fwp%2Fv2%2Fmedia&parent=4953"}],"wp:term":[{"taxonomy":"category","embeddable":true,"href":"https:\/\/laser.it\/index.php?rest_route=%2Fwp%2Fv2%2Fcategories&post=4953"},{"taxonomy":"post_tag","embeddable":true,"href":"https:\/\/laser.it\/index.php?rest_route=%2Fwp%2Fv2%2Ftags&post=4953"}],"curies":[{"name":"wp","href":"https:\/\/api.w.org\/{rel}","templated":true}]}}