{"id":4962,"date":"2024-10-31T20:27:43","date_gmt":"2024-10-31T20:27:43","guid":{"rendered":"https:\/\/laser.it\/?p=4962"},"modified":"2024-10-31T20:27:43","modified_gmt":"2024-10-31T20:27:43","slug":"migranti-e-decreto-paesi-sicuri-la-russa-giudici-bologna-prevale-ideologia-sulla-legge","status":"publish","type":"post","link":"https:\/\/laser.it\/?p=4962","title":{"rendered":"Migranti e decreto Paesi sicuri, La Russa: &#8220;Giudici Bologna? Prevale ideologia sulla legge&#8221;"},"content":{"rendered":"<p>(Adnkronos) &#8211; &quot;Alla fine prevale l&#039;ideologia sulla legge qualche volta, come in questo caso&quot;. Cos\u00ec il presidente del Senato, Ignazio La Russa, a Dritto e Rovescio su Rete 4 sui giudici di Bologna e il decreto sui Paesi sicuri. \u00a0&quot;I giudici di Bologna fanno questo paragone&quot; con la Germania nazista e &#8211; aggiunge La Russa &#8211; &quot;oggi ho visto che il Fatto Quotidiano criticava questo paragone e diceva che dire queste cose finisce per essere un autogol. Cosa c&#039;entra la Germania nazista? Di cosa stiamo a parlare?&quot;.\u00a0Quanto all&#039;attacco di Salvini ai magistrati, il presidente del Senato lo difende: &quot;Legittimo pensiero di un leader di partito. Cosa vuol dire? Dice che se c&#039;\u00e8 qualche magistrato risponde pi\u00f9 al suo pensiero politico che alle norme&#8230; A volte il problema \u00e8 il limite perch\u00e9 in Italia le norme non delimitano in maniera precisa dove finisce il potere giudiziario e inizia quello politico. Non dico la Costituzione ma insieme maggioranza, opposizione e magistratura dovrebbero lavorarci&quot;.\u00a0Quindi torna a puntare il dito contro il Consiglio europeo e al dossier che punta il dito contro le forze dell&#039;ordine italiane definite &quot;razziste&quot;. &quot;C&#039;\u00e8 un aiuto che parte dall&#039;Italia. Anche quella affermazione sul razzismo dei nostri poliziotti. Ci sono forze politiche che la sottoscrivono? Io penso di s\u00ec e allora interroghiamoci: se nella lotta politica nazionale c&#039;\u00e8 qualcuno che per sopraffare e vincere \u00e8 pronto anche a infangare l&#039;Italia, come in quel caso la nostra polizia, dobbiamo porci assolutamente rimedio&quot;. Cos\u00ec il presidente del Senato, Ignazio La Russa, a Dritto e Rovescio su Rete4. \u00a0Mentre sul dossieraggio di cui sarebbe a sua volta vittima dopo il furto nelle banche dati, ribadisce che &quot;secondo me Meloni ha centrato quando dice che va messo fine allo schifo. Io ci sono abituato, quello che mi ha schifato ancora di pi\u00f9 \u00e8 che abbiano dossierato non me, che mi importa, ma i miei figli. Allora pretenderei di sapere chi \u00e8 il mandante, mi interessa molto. Se ho sospetti? Qualche idea ce l&#039;ho ma non ho sospetti&quot;, conclude. \u00a0&#8212;politicawebinfo@adnkronos.com (Web Info)<\/p>\n","protected":false},"excerpt":{"rendered":"<p>(Adnkronos) &#8211; &quot;Alla fine prevale l&#039;ideologia sulla legge qualche volta, come in questo caso&quot;. Cos\u00ec il presidente del Senato, Ignazio La Russa, a Dritto e Rovescio su Rete 4 sui giudici di Bologna e&#46;&#46;&#46;<\/p>\n","protected":false},"author":1,"featured_media":4963,"comment_status":"open","ping_status":"open","sticky":false,"template":"","format":"standard","meta":{"footnotes":""},"categories":[1],"tags":[2,3],"class_list":["post-4962","post","type-post","status-publish","format-standard","has-post-thumbnail","hentry","category-senza-categoria","tag-adnkronos","tag-ultimora"],"_links":{"self":[{"href":"https:\/\/laser.it\/index.php?rest_route=\/wp\/v2\/posts\/4962","targetHints":{"allow":["GET"]}}],"collection":[{"href":"https:\/\/laser.it\/index.php?rest_route=\/wp\/v2\/posts"}],"about":[{"href":"https:\/\/laser.it\/index.php?rest_route=\/wp\/v2\/types\/post"}],"author":[{"embeddable":true,"href":"https:\/\/laser.it\/index.php?rest_route=\/wp\/v2\/users\/1"}],"replies":[{"embeddable":true,"href":"https:\/\/laser.it\/index.php?rest_route=%2Fwp%2Fv2%2Fcomments&post=4962"}],"version-history":[{"count":1,"href":"https:\/\/laser.it\/index.php?rest_route=\/wp\/v2\/posts\/4962\/revisions"}],"predecessor-version":[{"id":4964,"href":"https:\/\/laser.it\/index.php?rest_route=\/wp\/v2\/posts\/4962\/revisions\/4964"}],"wp:featuredmedia":[{"embeddable":true,"href":"https:\/\/laser.it\/index.php?rest_route=\/wp\/v2\/media\/4963"}],"wp:attachment":[{"href":"https:\/\/laser.it\/index.php?rest_route=%2Fwp%2Fv2%2Fmedia&parent=4962"}],"wp:term":[{"taxonomy":"category","embeddable":true,"href":"https:\/\/laser.it\/index.php?rest_route=%2Fwp%2Fv2%2Fcategories&post=4962"},{"taxonomy":"post_tag","embeddable":true,"href":"https:\/\/laser.it\/index.php?rest_route=%2Fwp%2Fv2%2Ftags&post=4962"}],"curies":[{"name":"wp","href":"https:\/\/api.w.org\/{rel}","templated":true}]}}