{"id":7013,"date":"2024-11-09T15:54:42","date_gmt":"2024-11-09T15:54:42","guid":{"rendered":"https:\/\/laser.it\/?p=7013"},"modified":"2024-11-09T15:54:42","modified_gmt":"2024-11-09T15:54:42","slug":"pensioni-fornero-e-fava-occupazione-e-demografia-sono-cruciali-per-sostenibilita","status":"publish","type":"post","link":"https:\/\/laser.it\/?p=7013","title":{"rendered":"Pensioni, Fornero e Fava: &#8220;Occupazione e demografia sono cruciali per sostenibilit\u00e0&#8221;"},"content":{"rendered":"<p>(Adnkronos) &#8211; Del presidente dell&#039;Inps Gabriele Fava &quot;ho apprezzato l\u2019indipendenza di pensiero perch\u00e9 nella sua relazione ha riconosciuto che la mia riforma delle pensioni fu importante per la sostenibilit\u00e0 per i conti. Quella riforma non era fatta per &#039;cattiveria&#039; come \u00e8 stata rappresentata, ma solo per la sostenibilit\u00e0 che dipende da due presupposti: la demografia e il lavoro\u201d.  Lo ha sottolineato l&#039;economista Elsa Maria Fornero, ex ministra del Lavoro nel governo Monti, nel corso del panel il panel intitolato \u2018Approfondire e ispirare Pensioni, child penalty, gender pay gap. \u00c8 possibile una nuova alleanza fra generi e generazioni?\u2019, nel contesto della nona edizione italiana di Elle Active! 2024 \u2018Il forum delle donne attive, 101 Modi per lavorare meglio\u2019, la due giorni organizzata presso l\u2019Universit\u00e0 Cattolica del Sacro Cuore a Milano. \u00a0Le fa eco lo stesso Fava spiegando che &quot;se vogliamo arrivare a un sistema pensionistico sostenibile, c\u2019\u00e8 un&#039;unica ricetta strutturale: aumentare la base occupazionale. Facendo questo, riusciremo finalmente ad avvicinarci o a raggiungere la sostenibilit\u00e0 del sistema. Ci vorr\u00e0 tempo, ma questo \u00e8 il percorso che dobbiamo prendere e, quindi, \u00e8 necessario creare un nuovo patto col tessuto produttivo. Lo Stato e l\u2019Inps sono presenti: aiutiamo le imprese a crescere, a essere competitive e non solo a livello domestico, ma anche globale, ma nei limiti in cui assumano e gli stipendi siano migliori coerentemente alla produttivit\u00e0\u201d.\u00a0\u201cIn tal modo &#8211; conclude Fava &#8211; ci troveremo pi\u00f9 contribuenti e pi\u00f9 contributi. Questo dar\u00e0 la possibilit\u00e0 di arrivare a questa sostenibilit\u00e0. A mio modo di vedere, questa \u00e8 l&#039;unica vera ricetta strutturale\u201d. \u00a0&#8212;economiawebinfo@adnkronos.com (Web Info)<\/p>\n","protected":false},"excerpt":{"rendered":"<p>(Adnkronos) &#8211; Del presidente dell&#039;Inps Gabriele Fava &quot;ho apprezzato l\u2019indipendenza di pensiero perch\u00e9 nella sua relazione ha riconosciuto che la mia riforma delle pensioni fu importante per la sostenibilit\u00e0 per i conti. Quella riforma&#46;&#46;&#46;<\/p>\n","protected":false},"author":1,"featured_media":7014,"comment_status":"open","ping_status":"open","sticky":false,"template":"","format":"standard","meta":{"footnotes":""},"categories":[1],"tags":[2,3],"class_list":["post-7013","post","type-post","status-publish","format-standard","has-post-thumbnail","hentry","category-senza-categoria","tag-adnkronos","tag-ultimora"],"_links":{"self":[{"href":"https:\/\/laser.it\/index.php?rest_route=\/wp\/v2\/posts\/7013","targetHints":{"allow":["GET"]}}],"collection":[{"href":"https:\/\/laser.it\/index.php?rest_route=\/wp\/v2\/posts"}],"about":[{"href":"https:\/\/laser.it\/index.php?rest_route=\/wp\/v2\/types\/post"}],"author":[{"embeddable":true,"href":"https:\/\/laser.it\/index.php?rest_route=\/wp\/v2\/users\/1"}],"replies":[{"embeddable":true,"href":"https:\/\/laser.it\/index.php?rest_route=%2Fwp%2Fv2%2Fcomments&post=7013"}],"version-history":[{"count":1,"href":"https:\/\/laser.it\/index.php?rest_route=\/wp\/v2\/posts\/7013\/revisions"}],"predecessor-version":[{"id":7021,"href":"https:\/\/laser.it\/index.php?rest_route=\/wp\/v2\/posts\/7013\/revisions\/7021"}],"wp:featuredmedia":[{"embeddable":true,"href":"https:\/\/laser.it\/index.php?rest_route=\/wp\/v2\/media\/7014"}],"wp:attachment":[{"href":"https:\/\/laser.it\/index.php?rest_route=%2Fwp%2Fv2%2Fmedia&parent=7013"}],"wp:term":[{"taxonomy":"category","embeddable":true,"href":"https:\/\/laser.it\/index.php?rest_route=%2Fwp%2Fv2%2Fcategories&post=7013"},{"taxonomy":"post_tag","embeddable":true,"href":"https:\/\/laser.it\/index.php?rest_route=%2Fwp%2Fv2%2Ftags&post=7013"}],"curies":[{"name":"wp","href":"https:\/\/api.w.org\/{rel}","templated":true}]}}