{"id":7024,"date":"2024-11-09T16:05:00","date_gmt":"2024-11-09T16:05:00","guid":{"rendered":"https:\/\/laser.it\/?p=7024"},"modified":"2024-11-09T16:05:00","modified_gmt":"2024-11-09T16:05:00","slug":"milano-al-corteo-pro-palestina-le-foto-di-sinwar-applausi-ai-ragazzi-di-amsterdam","status":"publish","type":"post","link":"https:\/\/laser.it\/?p=7024","title":{"rendered":"Milano, al corteo pro Palestina le foto di Sinwar. Applausi ai &#8220;ragazzi di Amsterdam&#8221;"},"content":{"rendered":"<p>(Adnkronos) &#8211; A Milano il corteo a sostegno della Palestina, caratterizzato da canti e slogan contro Israele, definito &quot;Stato terrorista&quot;, e da incitamenti all&#039;Intifada, come &quot;un sasso qua, un sasso l\u00e0, un sasso per la libert\u00e0&quot;. Tra i manifestanti, alcuni espongono fotografie di Yahya Sinwar, la mente dietro gli attacchi del 7 ottobre.\u00a0\u00a0\u00a0Dal megafono del corteo pro-Pal a Milano arriva la giustificazione del pogrom contro i tifosi israeliani aggrediti ad Amsterdam. &quot;Un applauso ai ragazzi di Amsterdam, che hanno dato una lezione&quot; urlano. &quot;Il vittimismo \u00e8 una caratteristica del movimento sionista&quot;. &quot;In questi giorni abbiamo visto come i nostri fratelli ad Amsterdam, in Olanda, hanno agito contro il sionismo. Questa \u00e8 la solidariet\u00e0. Anche noi in Italia non possiamo rimanere solo a fare le piazze di solidariet\u00e0, dobbiamo agire nelle piazze, nei luoghi di lavoro, nelle manifestazioni, in ogni spazio. Bisogna agire ora, non domani&quot;. Dal pubblico sono arrivati applausi e qualche fischio. Non \u00e8 mancato neanche, sempre dal megafono, un attacco alla stampa: &quot;Giornalisti vigliacchi&quot;.\u00a0&#8212;cronacawebinfo@adnkronos.com (Web Info)<\/p>\n","protected":false},"excerpt":{"rendered":"<p>(Adnkronos) &#8211; A Milano il corteo a sostegno della Palestina, caratterizzato da canti e slogan contro Israele, definito &quot;Stato terrorista&quot;, e da incitamenti all&#039;Intifada, come &quot;un sasso qua, un sasso l\u00e0, un sasso per&#46;&#46;&#46;<\/p>\n","protected":false},"author":1,"featured_media":7025,"comment_status":"open","ping_status":"open","sticky":false,"template":"","format":"standard","meta":{"footnotes":""},"categories":[1],"tags":[2,3],"class_list":["post-7024","post","type-post","status-publish","format-standard","has-post-thumbnail","hentry","category-senza-categoria","tag-adnkronos","tag-ultimora"],"_links":{"self":[{"href":"https:\/\/laser.it\/index.php?rest_route=\/wp\/v2\/posts\/7024","targetHints":{"allow":["GET"]}}],"collection":[{"href":"https:\/\/laser.it\/index.php?rest_route=\/wp\/v2\/posts"}],"about":[{"href":"https:\/\/laser.it\/index.php?rest_route=\/wp\/v2\/types\/post"}],"author":[{"embeddable":true,"href":"https:\/\/laser.it\/index.php?rest_route=\/wp\/v2\/users\/1"}],"replies":[{"embeddable":true,"href":"https:\/\/laser.it\/index.php?rest_route=%2Fwp%2Fv2%2Fcomments&post=7024"}],"version-history":[{"count":0,"href":"https:\/\/laser.it\/index.php?rest_route=\/wp\/v2\/posts\/7024\/revisions"}],"wp:featuredmedia":[{"embeddable":true,"href":"https:\/\/laser.it\/index.php?rest_route=\/wp\/v2\/media\/7025"}],"wp:attachment":[{"href":"https:\/\/laser.it\/index.php?rest_route=%2Fwp%2Fv2%2Fmedia&parent=7024"}],"wp:term":[{"taxonomy":"category","embeddable":true,"href":"https:\/\/laser.it\/index.php?rest_route=%2Fwp%2Fv2%2Fcategories&post=7024"},{"taxonomy":"post_tag","embeddable":true,"href":"https:\/\/laser.it\/index.php?rest_route=%2Fwp%2Fv2%2Ftags&post=7024"}],"curies":[{"name":"wp","href":"https:\/\/api.w.org\/{rel}","templated":true}]}}