{"id":8212,"date":"2024-11-14T13:27:24","date_gmt":"2024-11-14T13:27:24","guid":{"rendered":"https:\/\/laser.it\/?p=8212"},"modified":"2024-11-14T13:27:24","modified_gmt":"2024-11-14T13:27:24","slug":"iran-in-clinica-psichiatrica-chi-sfida-lobbligo-del-velo-lannuncio-choc","status":"publish","type":"post","link":"https:\/\/laser.it\/?p=8212","title":{"rendered":"Iran, in clinica psichiatrica chi sfida l&#8217;obbligo del velo: l&#8217;annuncio choc"},"content":{"rendered":"<p>(Adnkronos) &#8211; In Iran la sfida all&#039;obbligo di indossare l&#039;hijab rischia ufficialmente di finire in &quot;cliniche&quot; per il &quot;trattamento psicologico&quot; delle donne che osano non rispettare le norme sul velo. Indignate donne e attiviste, associazioni per la difesa dei diritti umani. E&#039; stata una donna, Mehri Talebi Darestani, a capo del Dipartimento per le donne e la famiglia del quartier generale per la Promozione delle virt\u00f9 e la prevenzione del vizio, ad annunciare l&#039;apertura di una &quot;clinica per il trattamento della rimozione dell&#039;hijab&quot;. Una struttura che, ha detto, offrir\u00e0 &quot;trattamento scientifico e psicologico&quot;. \u00a0Una decisione &quot;vergognosa&quot;, dice Sima Sabet, giornalista iraniana che vive nel Regno Unito sfuggita lo scorso anno a un tentativo di omicidio, citata dal Guardian. &quot;E&#039; agghiacciante l&#039;idea di aprire cliniche per &#039;curare&#039; le donne non velate&quot;, afferma. Un&#039;iniziativa &quot;n\u00e9 islamica n\u00e9 in linea con le leggi iraniane&quot;, le fa eco l&#039;avvocato iraniano Hossein Raeesi. &quot;Non sar\u00e0 una clinica, sar\u00e0 una prigione&quot;, dice una giovane dall&#039;Iran. \u00a0L&#039;annuncio delle autorit\u00e0 iraniane \u00e8 arrivato dopo che i media iraniani hanno riferito del trasferimento in un ospedale psichiatrico di una studentessa universitaria arrestata dopo essersi spogliata a Teheran in quella che sarebbe stata una protesta per essere stata aggredita dagli agenti della sicurezza del campus per aver violato le disposizioni sull&#039;hijab.\u00a0\u00a0&#8212;internazionale\/esteriwebinfo@adnkronos.com (Web Info)<\/p>\n","protected":false},"excerpt":{"rendered":"<p>(Adnkronos) &#8211; In Iran la sfida all&#039;obbligo di indossare l&#039;hijab rischia ufficialmente di finire in &quot;cliniche&quot; per il &quot;trattamento psicologico&quot; delle donne che osano non rispettare le norme sul velo. Indignate donne e attiviste,&#46;&#46;&#46;<\/p>\n","protected":false},"author":1,"featured_media":8213,"comment_status":"open","ping_status":"open","sticky":false,"template":"","format":"standard","meta":{"footnotes":""},"categories":[1],"tags":[2,3],"class_list":["post-8212","post","type-post","status-publish","format-standard","has-post-thumbnail","hentry","category-senza-categoria","tag-adnkronos","tag-ultimora"],"_links":{"self":[{"href":"https:\/\/laser.it\/index.php?rest_route=\/wp\/v2\/posts\/8212","targetHints":{"allow":["GET"]}}],"collection":[{"href":"https:\/\/laser.it\/index.php?rest_route=\/wp\/v2\/posts"}],"about":[{"href":"https:\/\/laser.it\/index.php?rest_route=\/wp\/v2\/types\/post"}],"author":[{"embeddable":true,"href":"https:\/\/laser.it\/index.php?rest_route=\/wp\/v2\/users\/1"}],"replies":[{"embeddable":true,"href":"https:\/\/laser.it\/index.php?rest_route=%2Fwp%2Fv2%2Fcomments&post=8212"}],"version-history":[{"count":1,"href":"https:\/\/laser.it\/index.php?rest_route=\/wp\/v2\/posts\/8212\/revisions"}],"predecessor-version":[{"id":8234,"href":"https:\/\/laser.it\/index.php?rest_route=\/wp\/v2\/posts\/8212\/revisions\/8234"}],"wp:featuredmedia":[{"embeddable":true,"href":"https:\/\/laser.it\/index.php?rest_route=\/wp\/v2\/media\/8213"}],"wp:attachment":[{"href":"https:\/\/laser.it\/index.php?rest_route=%2Fwp%2Fv2%2Fmedia&parent=8212"}],"wp:term":[{"taxonomy":"category","embeddable":true,"href":"https:\/\/laser.it\/index.php?rest_route=%2Fwp%2Fv2%2Fcategories&post=8212"},{"taxonomy":"post_tag","embeddable":true,"href":"https:\/\/laser.it\/index.php?rest_route=%2Fwp%2Fv2%2Ftags&post=8212"}],"curies":[{"name":"wp","href":"https:\/\/api.w.org\/{rel}","templated":true}]}}