{"id":8771,"date":"2024-11-16T17:26:00","date_gmt":"2024-11-16T17:26:00","guid":{"rendered":"https:\/\/laser.it\/?p=8771"},"modified":"2024-11-16T17:26:00","modified_gmt":"2024-11-16T17:26:00","slug":"ucraina-zelensky-grato-a-meloni-e-leader-g7-per-sostegno-a-kiev","status":"publish","type":"post","link":"https:\/\/laser.it\/?p=8771","title":{"rendered":"Ucraina, Zelensky: &#8220;Grato a Meloni e leader G7 per sostegno a Kiev&#8221;"},"content":{"rendered":"<p>(Adnkronos) &#8211; Il presidente ucraino Volodymyr Zelensky si \u00e8 detto &#039;&#039;profondamente grato alla presidente del Consiglio Giorgia Meloni e a tutti i leader del G7 per la loro voce unita nel sostenere l&#039;Ucraina&#039;&#039;. In un post su &#039;X&#039; in cui commenta la dichiarazione diffusa oggi dalla presidenza italiana, Zelensky ha sottolineato che &#039;&#039;i leader del G7 hanno dimostrato ancora una volta un incrollabile sostegno all&#039;Ucraina mentre ci avviciniamo al millesimo giorno da quando \u00e8 iniziata l&#039;aggressione su vasta scala della Russia&#039;&#039;.\u00a0Il leader ucraino ha spiegato come questo sostegno &#039;&#039;aiuta l&#039;Ucraina a proteggere il suo popolo dal terrore, salvando innumerevoli vite&#039;&#039;. Inoltre, ha aggiunto, &#039;&#039;in un momento in cui la Russia rimane l&#039;unico ostacolo a una pace giusta e duratura, \u00e8 fondamentale inviare un messaggio chiaro: le aggressioni e le violazioni dell&#039;ordine internazionale, come delineato nella Carta delle Nazioni Unite, non saranno tollerate e i responsabili ne subiranno le conseguenze&#039;&#039;.\u00a0Quindi, ha concluso, &#039;&#039;ora \u00e8 il momento che la comunit\u00e0 globale intensifichi i propri sforzi e prenda decisioni decisive per garantire stabilit\u00e0 e pace a tutte le nostre nazioni&#039;&#039;.\u00a0&#8212;internazionale\/esteriwebinfo@adnkronos.com (Web Info)<\/p>\n","protected":false},"excerpt":{"rendered":"<p>(Adnkronos) &#8211; Il presidente ucraino Volodymyr Zelensky si \u00e8 detto &#039;&#039;profondamente grato alla presidente del Consiglio Giorgia Meloni e a tutti i leader del G7 per la loro voce unita nel sostenere l&#039;Ucraina&#039;&#039;. In&#46;&#46;&#46;<\/p>\n","protected":false},"author":1,"featured_media":8772,"comment_status":"open","ping_status":"open","sticky":false,"template":"","format":"standard","meta":{"footnotes":""},"categories":[1],"tags":[2,3],"class_list":["post-8771","post","type-post","status-publish","format-standard","has-post-thumbnail","hentry","category-senza-categoria","tag-adnkronos","tag-ultimora"],"_links":{"self":[{"href":"https:\/\/laser.it\/index.php?rest_route=\/wp\/v2\/posts\/8771","targetHints":{"allow":["GET"]}}],"collection":[{"href":"https:\/\/laser.it\/index.php?rest_route=\/wp\/v2\/posts"}],"about":[{"href":"https:\/\/laser.it\/index.php?rest_route=\/wp\/v2\/types\/post"}],"author":[{"embeddable":true,"href":"https:\/\/laser.it\/index.php?rest_route=\/wp\/v2\/users\/1"}],"replies":[{"embeddable":true,"href":"https:\/\/laser.it\/index.php?rest_route=%2Fwp%2Fv2%2Fcomments&post=8771"}],"version-history":[{"count":1,"href":"https:\/\/laser.it\/index.php?rest_route=\/wp\/v2\/posts\/8771\/revisions"}],"predecessor-version":[{"id":8787,"href":"https:\/\/laser.it\/index.php?rest_route=\/wp\/v2\/posts\/8771\/revisions\/8787"}],"wp:featuredmedia":[{"embeddable":true,"href":"https:\/\/laser.it\/index.php?rest_route=\/wp\/v2\/media\/8772"}],"wp:attachment":[{"href":"https:\/\/laser.it\/index.php?rest_route=%2Fwp%2Fv2%2Fmedia&parent=8771"}],"wp:term":[{"taxonomy":"category","embeddable":true,"href":"https:\/\/laser.it\/index.php?rest_route=%2Fwp%2Fv2%2Fcategories&post=8771"},{"taxonomy":"post_tag","embeddable":true,"href":"https:\/\/laser.it\/index.php?rest_route=%2Fwp%2Fv2%2Ftags&post=8771"}],"curies":[{"name":"wp","href":"https:\/\/api.w.org\/{rel}","templated":true}]}}