{"id":8773,"date":"2024-11-16T17:20:17","date_gmt":"2024-11-16T17:20:17","guid":{"rendered":"https:\/\/laser.it\/?p=8773"},"modified":"2024-11-16T17:20:17","modified_gmt":"2024-11-16T17:20:17","slug":"corteo-pro-pal-a-milano-hannoun-telefona-dopo-foglio-di-via-vogliono-zittirmi-non-mi-fermo","status":"publish","type":"post","link":"https:\/\/laser.it\/?p=8773","title":{"rendered":"Corteo pro Pal a Milano, Hannoun telefona dopo foglio di via: &#8220;Vogliono zittirmi, non mi fermo&#8221;"},"content":{"rendered":"<p>(Adnkronos) &#8211; Oggi a Milano la 58esima manifestazione pro Palestina, poche ore dopo che al presidente dell\u2019Associazione palestinesi in Italia, Mohammad Hannoun, \u00e8 stata notificata la procedura di avvio dell\u2019iter amministrativo per il foglio di via dal capoluogo lombardo. Una notizia che \u201ctocca tutti quanti noi. Per questo motivo forse non \u00e8 il caso di fare dei commenti\u201d, ha suggerito parlando al microfono Khader Tamimi, presidente della comunit\u00e0 palestinese della Lombardia. \u201cCertamente il fratello Hannoun ha i suoi avvocati che vedranno il caso. Noi siamo vicini a lui e speriamo che questa faccenda si chiarisca il pi\u00f9 presto possibile\u201d, ha aggiunto, prima che il corteo prendesse il via da Porta Genova.\u00a0Sono stati denunciati per istigazione a delinquere Mohammad Hannoun e un 25enne egiziano, che alla manifestazione pro Palestina a Milano dello scorso 9 novembre fecero partire gli applausi per l&#039;aggressione dei tifosi israeliani ad Amsterdam ed esibirono la foto dell&#039;ex leader di Hamas ucciso Yahya Sinwar, fa sapere una nota della questura di Milano, che ha avviato nei confronti dei due denunciati anche il procedimento per il foglio di via obbligatorio da Milano.\u00a0Hannoun, architetto giordano di 62 anni, residente di Genova, il mese scorso \u00e8 stato sanzionato dal dipartimento del Tesoro degli Stati Uniti perch\u00e9 ritenuto uno dei finanziatori di Hamas. Da ottobre 2023 \u00e8 una delle anime dei cortei pro Palestina che tutti i sabati sfilano per le vie di Milano. \u00a0Due giorni dopo l&#039;aggressione dei tifosi israeliani ad Amsterdam in occasione della partita Ajax-Maccabi, alla manifestazione dello scorso sabato, con un migliaio di persone, Hannoun &#8211; ricorda la questura in una nota &#8211; &quot;era intervenuto approvando e promuovendo pubblicamente le condotte violente tenute dai giovani tifosi olandesi&quot;. \u00a0L&#039;altro denunciato per istigazione a delinquere \u00e8 un 25enne egiziano, residente in provincia di Milano, che aveva esibito pubblicamente un cartello con la foto di Sinwar, con una scritta in lingua araba. Nei confronti dell&#039;uomo &#8211; fa sapere la questura &#8211; \u00e8 in corso un\u2019istruttoria della divisione anticrimine per l\u2019avvio del procedimento amministrativo per il foglio di via.\u00a0Hannoun si \u00e8 collegato telefonicamente con il corteo pro Pal dopo la notifica dell\u2019avvio dell\u2019iter amministrativo per il foglio di via. \u201cUna punizione per zittire tutti coloro che sostengono il popolo palestinese\u201d, ha detto nella telefonata trasmessa dai megafoni dagli organizzatori della manifestazione, in cui ha scandito: \u201cNon mi fermer\u00f2 mai. Il mio impegno c\u2019\u00e8 sempre per il popolo palestinese e la sua legittima resistenza\u201d. Hannoun ha respinto le accuse: \u201cI miei avvocati mi hanno tranquillizzato: non c\u2019\u00e8 nessuna istigazione alla violenza, al razzismo o a niente&quot;. \u00a0&quot;Il mio discorso era chiarissimo. Noi abbiamo denunciato i crimini dei tifosi del Maccabi Tel Aviv che hanno vandalizzato e bruciato e picchiato i cittadini marocchini arabi giovani di Amsterdam. Abbiamo denunciato questi atti criminali e ringraziato i giovani che hanno fermato questa violenza e questi crimini da parte della tifoseria del Maccabi Tel Aviv. Non abbiamo istigato nessuno alla violenza, noi siamo sempre stati contro la violenza e infatti il nostro corteo \u00e8 per denunciare la violenza da parte dell\u2019autorit\u00e0 israeliana che continua a sterminare la popolazione di Gaza, Libano e Cisgiordania\u201d. Quindi un messaggio per i \u201cgiornalisti corrotti, bastardi e figli di puttana che hanno preso una parte del mio discorso sabato scorso: non potete mai farmi stare zitto. Io continuer\u00f2 nella mia lotta perch\u00e9 \u00e8 una lotta giusta per un popolo oppresso\u201d. \u00a0\u201cVorrei abbracciare ognuno di voi uno a uno\u201d, ha detto il presidente di Api, per salutare la piazza di Milano, che &#8211; ha ammesso nella telefonata trasmessa alla manifestazione &#8211; \u201cmi manca\u201d, ma \u201cmi sposto subito in un\u2019altra piazza. Oggi vi salut\u00f2 dalla piazza di Torino, un corteo partecipatissimo. Non mi fermer\u00f2 mai. \u00c8 ora che facciamo pressione sul vostro governo perch\u00e9 interrompa immediatamente ogni rapporto commerciale, politico e scientifico con l\u2019entit\u00e0 sionista\u201d, ha detto Hannoun. \u00a0\u201cConfermo ancora che io ho sempre sostenuto la legittima resistenza del popolo palestinese e continuer\u00f2 a sostenerlo. Invito tutti voi a continuare il vostro impegno sociale e politico con la lotta del popolo palestinese perch\u00e9 insieme possiamo vincere. E possiamo fare cadere questi bastardi maledetti fogli di via. Una punizione per zittire tutti coloro che sostengono il popolo palestinese. Vi invito ad andare avanti e portare avanti la vostra solidariet\u00e0: insieme possiamo vincere e aiutare il popolo palestinese. Ci vediamo prossimamente a Milano\u201d, ha concluso il presidente dell\u2019associazione palestinesi in Italia, prima di chiudere la telefonata, augurando a tutti \u201cbuon corteo\u201d.\u00a0\u00a0&#8212;cronacawebinfo@adnkronos.com (Web Info)<\/p>\n","protected":false},"excerpt":{"rendered":"<p>(Adnkronos) &#8211; Oggi a Milano la 58esima manifestazione pro Palestina, poche ore dopo che al presidente dell\u2019Associazione palestinesi in Italia, Mohammad Hannoun, \u00e8 stata notificata la procedura di avvio dell\u2019iter amministrativo per il foglio&#46;&#46;&#46;<\/p>\n","protected":false},"author":1,"featured_media":8774,"comment_status":"open","ping_status":"open","sticky":false,"template":"","format":"standard","meta":{"footnotes":""},"categories":[1],"tags":[2,3],"class_list":["post-8773","post","type-post","status-publish","format-standard","has-post-thumbnail","hentry","category-senza-categoria","tag-adnkronos","tag-ultimora"],"_links":{"self":[{"href":"https:\/\/laser.it\/index.php?rest_route=\/wp\/v2\/posts\/8773","targetHints":{"allow":["GET"]}}],"collection":[{"href":"https:\/\/laser.it\/index.php?rest_route=\/wp\/v2\/posts"}],"about":[{"href":"https:\/\/laser.it\/index.php?rest_route=\/wp\/v2\/types\/post"}],"author":[{"embeddable":true,"href":"https:\/\/laser.it\/index.php?rest_route=\/wp\/v2\/users\/1"}],"replies":[{"embeddable":true,"href":"https:\/\/laser.it\/index.php?rest_route=%2Fwp%2Fv2%2Fcomments&post=8773"}],"version-history":[{"count":1,"href":"https:\/\/laser.it\/index.php?rest_route=\/wp\/v2\/posts\/8773\/revisions"}],"predecessor-version":[{"id":8786,"href":"https:\/\/laser.it\/index.php?rest_route=\/wp\/v2\/posts\/8773\/revisions\/8786"}],"wp:featuredmedia":[{"embeddable":true,"href":"https:\/\/laser.it\/index.php?rest_route=\/wp\/v2\/media\/8774"}],"wp:attachment":[{"href":"https:\/\/laser.it\/index.php?rest_route=%2Fwp%2Fv2%2Fmedia&parent=8773"}],"wp:term":[{"taxonomy":"category","embeddable":true,"href":"https:\/\/laser.it\/index.php?rest_route=%2Fwp%2Fv2%2Fcategories&post=8773"},{"taxonomy":"post_tag","embeddable":true,"href":"https:\/\/laser.it\/index.php?rest_route=%2Fwp%2Fv2%2Ftags&post=8773"}],"curies":[{"name":"wp","href":"https:\/\/api.w.org\/{rel}","templated":true}]}}