{"id":8815,"date":"2024-11-16T23:04:55","date_gmt":"2024-11-16T23:04:55","guid":{"rendered":"https:\/\/laser.it\/?p=8815"},"modified":"2024-11-16T23:04:55","modified_gmt":"2024-11-16T23:04:55","slug":"decreto-flussi-anm-irrazionale-togliere-competenze-a-sezioni-immigrazione-tribunali","status":"publish","type":"post","link":"https:\/\/laser.it\/?p=8815","title":{"rendered":"Decreto flussi, Anm: &#8220;Irrazionale togliere competenze a sezioni immigrazione tribunali&#8221;"},"content":{"rendered":"<p>(Adnkronos) &#8211; \u201cIl contesto che genera inquietudine si \u00e8 da ultimo arricchito della proposizione di un emendamento in sede di conversione del decreto-legge sui flussi migratori e sulla protezione internazionale, diretto a spogliare le sezioni specializzate \u2018immigrazione\u2019 dei Tribunali della competenza sulla convalida dei trattenimenti, con soave e sorprendente indifferenza per le ragioni dell\u2019organizzazione giudiziaria\u201d. Lo afferma il presidente dell\u2019Associazione nazionale magistrati (Anm) Giuseppe Santalucia intervenuto al Comitato direttivo centrale dell\u2019associazione. \u00a0\u00a0\u201cCos\u00ec, con un colpo di penna si vorrebbe stravolgere l\u2019ordinario assetto delle competenze e la Corte di appello, gi\u00e0 gravata da importanti carichi di lavoro che ci hanno fatto dubitare della possibilit\u00e0 di centrare gli ambiziosi obiettivi del Pnrr, dovrebbe occuparsi delle procedure di convalida, se non ho letto male con le sue sezioni penali\u201d, continua. \u201c\u00c8 assai difficile rinvenire un principio di razionalit\u00e0 in questo stravolgimento dell\u2019ordine delle competenze &#8211; prosegue &#8211; si percepisce piuttosto la voglia di rappresentare nel modo pi\u00f9 plateale, appunto: con la sottrazione di giurisdizione, la sfiducia in quei giudici, muovendo dalla fantasiosa convinzione che i magistrati comunisti si siano collocati proditoriamente nelle sezioni specializzate \u2018immigrazione\u2019 dei Tribunali per attuare il sabotaggio delle politiche governative\u201d. \u00a0\u201cNell\u2019impossibilit\u00e0 di degiurisdizionalizzare le procedure di convalida dei trattenimenti dei richiedenti asilo, si vorrebbe svilire il senso della specializzazione, si vorrebbe sostituire il giudice perch\u00e9 le sue pronunce non sono state gradite\u201d, conclude Santalucia. \u00a0&quot;Il Parlamento \u00e8 sovrano, ed \u00e8 il luogo in cui saranno fatte tutte le valutazioni. E quindi il Parlamento sapr\u00e0 adottare quelle che sono le decisioni che riterr\u00e0 pi\u00f9 opportune&quot;, dice il ministro dell&#039;Interno, Matteo Piantedosi al Tg1.\u00a0&quot;Prendiamo atto dell&#039;opinione dell&#039;Anm, che ha il diritto di esprimerla&quot;, commenta all&#039;Adnkronos Lucio Malan, capogruppo di Fratelli d&#039;Italia al Senato. \u00a0All&#039;attacco la Lega in una nota: &quot;Nonostante l\u2019ennesimo magistrato in piazza contro il governo, questa volta per contestare il Ponte sullo Stretto come fa Rifondazione comunista, dall\u2019Anm arrivano altre dichiarazioni grottesche. Il clima non cambia: \u00e8 ancora quello testimoniato dalla famosa telefonata dell\u2019allora presidente Anm, Palamara, secondo il quale &#039;Salvini ha ragione ma va attaccato&#039;. Gli italiani pagano i magistrati per fare giustizia in tempi rapidi, non per fare politica e polemica tutti i giorni&quot;.\u00a0&#8212;politicawebinfo@adnkronos.com (Web Info)<\/p>\n","protected":false},"excerpt":{"rendered":"<p>(Adnkronos) &#8211; \u201cIl contesto che genera inquietudine si \u00e8 da ultimo arricchito della proposizione di un emendamento in sede di conversione del decreto-legge sui flussi migratori e sulla protezione internazionale, diretto a spogliare le&#46;&#46;&#46;<\/p>\n","protected":false},"author":1,"featured_media":8816,"comment_status":"open","ping_status":"open","sticky":false,"template":"","format":"standard","meta":{"footnotes":""},"categories":[1],"tags":[2,3],"class_list":["post-8815","post","type-post","status-publish","format-standard","has-post-thumbnail","hentry","category-senza-categoria","tag-adnkronos","tag-ultimora"],"_links":{"self":[{"href":"https:\/\/laser.it\/index.php?rest_route=\/wp\/v2\/posts\/8815","targetHints":{"allow":["GET"]}}],"collection":[{"href":"https:\/\/laser.it\/index.php?rest_route=\/wp\/v2\/posts"}],"about":[{"href":"https:\/\/laser.it\/index.php?rest_route=\/wp\/v2\/types\/post"}],"author":[{"embeddable":true,"href":"https:\/\/laser.it\/index.php?rest_route=\/wp\/v2\/users\/1"}],"replies":[{"embeddable":true,"href":"https:\/\/laser.it\/index.php?rest_route=%2Fwp%2Fv2%2Fcomments&post=8815"}],"version-history":[{"count":1,"href":"https:\/\/laser.it\/index.php?rest_route=\/wp\/v2\/posts\/8815\/revisions"}],"predecessor-version":[{"id":8819,"href":"https:\/\/laser.it\/index.php?rest_route=\/wp\/v2\/posts\/8815\/revisions\/8819"}],"wp:featuredmedia":[{"embeddable":true,"href":"https:\/\/laser.it\/index.php?rest_route=\/wp\/v2\/media\/8816"}],"wp:attachment":[{"href":"https:\/\/laser.it\/index.php?rest_route=%2Fwp%2Fv2%2Fmedia&parent=8815"}],"wp:term":[{"taxonomy":"category","embeddable":true,"href":"https:\/\/laser.it\/index.php?rest_route=%2Fwp%2Fv2%2Fcategories&post=8815"},{"taxonomy":"post_tag","embeddable":true,"href":"https:\/\/laser.it\/index.php?rest_route=%2Fwp%2Fv2%2Ftags&post=8815"}],"curies":[{"name":"wp","href":"https:\/\/api.w.org\/{rel}","templated":true}]}}